{"id":1468,"date":"2021-07-23T12:36:35","date_gmt":"2021-07-23T15:36:35","guid":{"rendered":"https:\/\/hopeandjusticefoundation.com\/?p=1468"},"modified":"2023-08-15T11:15:18","modified_gmt":"2023-08-15T14:15:18","slug":"hope-justice-foundation-on-world-day-against-human-trafficking","status":"publish","type":"post","link":"https:\/\/hopeandjusticefoundation.com\/pt\/hope-justice-foundation-on-world-day-against-human-trafficking\/","title":{"rendered":"Hope &#038; Justice Foundation on World Day Against Human Trafficking"},"content":{"rendered":"<p>A\u00a0cada ano, em 30 de julho, ocorre uma mobiliza\u00e7\u00e3o mundial para conscientiza\u00e7\u00e3o, preven\u00e7\u00e3o e combate ao tr\u00e1fico humano. O tr\u00e1fico de pessoas \u00e9 um fen\u00f4meno global que est\u00e1 intimamente ligado \u00e0s viola\u00e7\u00f5es dos direitos humanos, migra\u00e7\u00e3o, viol\u00eancia, aspectos culturais e falta de informa\u00e7\u00e3o.<\/p>\n<p>Este ano \u00e9 o vig\u00e9simo primeiro anivers\u00e1rio da Conven\u00e7\u00e3o das Na\u00e7\u00f5es Unidas contra o Crime Organizado Transnacional e seu hist\u00f3rico Protocolo para Prevenir, Reprimir e Punir o Tr\u00e1fico de Pessoas, especialmente Mulheres e Crian\u00e7as, a Conven\u00e7\u00e3o de Palermo.<\/p>\n<p>As recentes estat\u00edsticas apontam que existem mais de 40.3 milh\u00f5es de v\u00edtimas do tr\u00e1fico humano no mundo. Homens, mulheres, adolescentes e crian\u00e7as s\u00e3o alvos de traficantes em seus pr\u00f3prios pa\u00edses e no exterior. Todos os pa\u00edses do mundo s\u00e3o afetados pelo tr\u00e1fico de pessoas, seja como pa\u00eds de origem, tr\u00e2nsito ou destino das v\u00edtimas.<\/p>\n<p>Quase todas as na\u00e7\u00f5es lutam para impedir efetivamente esse crime, devido \u00e0 natureza da ind\u00fastria do tr\u00e1fico humano, muitas pessoas traficadas est\u00e3o desavisadas com pouca educa\u00e7\u00e3o e envergonhadas com medo de reportar \u00e0s autoridades. Em muitos lugares, a pol\u00edcia est\u00e1 mal equipada ou \u00e0s vezes envolvida no processo, por falta de recursos, corrup\u00e7\u00e3o ou simplesmente ignorando o problema por quest\u00f5es \u201cmais importantes\u201d e imediatas.<\/p>\n<p>Una-se a Hope &amp; Justice Foundation para promover a conscientiza\u00e7\u00e3o e o combate ao tr\u00e1fico de pessoas.<\/p>\n<p>A Hope &amp; Justice Foundation \u00e9 uma organiza\u00e7\u00e3o civil, n\u00e3o governamental, sem fins lucrativos, localizada na cidade de Orlando, Fl\u00f3rida e que tem como principal objetivo lutar contra o tr\u00e1fico humano e advogar pelos direitos fundamentais dos sobreviventes desse crime hediondo. Entende portanto, que a sociedade civil organizada com os seus cidad\u00e3os de bem unidos, podem e devem mobilizar todos os recursos necess\u00e1rios para enfrentar e por um fim ao tr\u00e1fico de pessoas. A Hope &amp; Justice Foundation fornece assist\u00eancia direta \u00e0s v\u00edtimas, acolhendo-as, tratando-as e proporcionando\u00a0 a estas um recome\u00e7o para uma vida digna e feliz.<\/p>\n<p>Aqueles que foram explorados por traficantes de seres humanos t\u00eam necessidades variadas e requerem diferentes tipos de assist\u00eancia para garantir sua recupera\u00e7\u00e3o social, f\u00edsica e psicol\u00f3gica. Mas a necessidade comum de todas as pessoas traficadas \u00e9 serem reconhecidas como v\u00edtimas de um crime, e n\u00e3o tratadas como criminosas, mesmo quando podem ter sido for\u00e7adas a cometer crimes. A Hope &amp; Justice Foundation enfatiza uma abordagem centrada na v\u00edtima que se alinha com o paradigma \u201c3P\u201d de \u201cPreven\u00e7\u00e3o\u201d, \u201cProcesso\u201d e \u201cProte\u00e7\u00e3o\u201d, formulada sob o Protocolo sobre Tr\u00e1fico de Pessoas. Esse paradigma serve como estrutura fundamental, e muito usada por governos e organiza\u00e7\u00f5es n\u00e3o governamentais em todo o mundo para combater o tr\u00e1fico humano.<\/p>\n<p>No dia 30 de julho de 2021, a Hope &amp; Justice Foundation estar\u00e1 mobilizando seus volunt\u00e1rios, colaboradores, apoiadores e parceiros para esse importante evento de conscientiza\u00e7\u00e3o e apoio \u00e0s v\u00edtimas do tr\u00e1fico de pessoas em sua Sede na Central Fl\u00f3rida. Um evento de suma import\u00e2ncia para a comunidade em Orlando e adjac\u00eancias. Devemos quebrar este ciclo desumano de discrimina\u00e7\u00e3o e injusti\u00e7as se queremos um dia eliminar o tr\u00e1fico de pessoas. Una-se a n\u00f3s nessa luta. Voc\u00ea pode escolher n\u00e3o se importar, mas n\u00e3o poder\u00e1 dizer que n\u00e3o sabia.<\/p>\n<p>www.hopeandjusticefoundation.org \u2013 contact@hopeandjusticefoundation.org \u2013 @hopeandjusticefoundation.org<\/p>\n<p>Devemos quebrar este ciclo desumano de discrimina\u00e7\u00e3o e injusti\u00e7as se queremos um dia eliminar o tr\u00e1fico de pessoas.<\/p>\n<p>Una-se a n\u00f3s\u00a0nessa luta.<\/p>","protected":false},"excerpt":{"rendered":"<p>A\u00a0cada ano, em 30 de julho, ocorre uma mobiliza\u00e7\u00e3o mundial para conscientiza\u00e7\u00e3o, preven\u00e7\u00e3o e combate ao tr\u00e1fico humano. O tr\u00e1fico de pessoas \u00e9 um fen\u00f4meno global que est\u00e1 intimamente ligado \u00e0s viola\u00e7\u00f5es dos direitos humanos, migra\u00e7\u00e3o, viol\u00eancia, aspectos culturais e falta de informa\u00e7\u00e3o. Este ano \u00e9 o vig\u00e9simo primeiro anivers\u00e1rio da Conven\u00e7\u00e3o das Na\u00e7\u00f5es Unidas &hellip; <\/p>\n<p class=\"link-more\"><a href=\"https:\/\/hopeandjusticefoundation.com\/pt\/hope-justice-foundation-on-world-day-against-human-trafficking\/\" class=\"more-link\">Continue lendo<span class=\"screen-reader-text\"> &#8220;Hope &#038; Justice Foundation on World Day Against Human Trafficking&#8221;<\/span><\/a><\/p>","protected":false},"author":1,"featured_media":1456,"comment_status":"open","ping_status":"open","sticky":false,"template":"","format":"standard","meta":{"footnotes":""},"categories":[9,1],"tags":[],"class_list":["post-1468","post","type-post","status-publish","format-standard","has-post-thumbnail","hentry","category-blog","category-uncategorized"],"aioseo_notices":[],"yoast_head":"<!-- This site is optimized with the Yoast SEO plugin v27.5 - https:\/\/yoast.com\/product\/yoast-seo-wordpress\/ -->\n<title>Hope &amp; Justice Foundation on World Day Against Human Trafficking - Hope &amp; Justice Foundation<\/title>\n<meta name=\"robots\" content=\"index, follow, max-snippet:-1, max-image-preview:large, max-video-preview:-1\" \/>\n<link rel=\"canonical\" href=\"https:\/\/hopeandjusticefoundation.com\/pt\/hope-justice-foundation-on-world-day-against-human-trafficking\/\" \/>\n<meta property=\"og:locale\" content=\"pt_BR\" \/>\n<meta property=\"og:type\" content=\"article\" \/>\n<meta property=\"og:title\" content=\"Hope &amp; Justice Foundation on World Day Against Human Trafficking - Hope &amp; Justice Foundation\" \/>\n<meta property=\"og:description\" content=\"A\u00a0cada ano, em 30 de julho, ocorre uma mobiliza\u00e7\u00e3o mundial para conscientiza\u00e7\u00e3o, preven\u00e7\u00e3o e combate ao tr\u00e1fico humano. O tr\u00e1fico de pessoas \u00e9 um fen\u00f4meno global que est\u00e1 intimamente ligado \u00e0s viola\u00e7\u00f5es dos direitos humanos, migra\u00e7\u00e3o, viol\u00eancia, aspectos culturais e falta de informa\u00e7\u00e3o. Este ano \u00e9 o vig\u00e9simo primeiro anivers\u00e1rio da Conven\u00e7\u00e3o das Na\u00e7\u00f5es Unidas &hellip; Continue lendo &quot;Hope &#038; Justice Foundation on World Day Against Human Trafficking&quot;\" \/>\n<meta property=\"og:url\" content=\"https:\/\/hopeandjusticefoundation.com\/pt\/hope-justice-foundation-on-world-day-against-human-trafficking\/\" \/>\n<meta property=\"og:site_name\" content=\"Hope &amp; Justice Foundation\" \/>\n<meta property=\"article:published_time\" content=\"2021-07-23T15:36:35+00:00\" \/>\n<meta property=\"article:modified_time\" content=\"2023-08-15T14:15:18+00:00\" \/>\n<meta property=\"og:image\" content=\"https:\/\/hopeandjusticefoundation.com\/wp-content\/uploads\/2022\/06\/ANA.png\" \/>\n\t<meta property=\"og:image:width\" content=\"600\" \/>\n\t<meta property=\"og:image:height\" content=\"680\" \/>\n\t<meta property=\"og:image:type\" content=\"image\/png\" \/>\n<meta name=\"author\" content=\"hopeandjustice\" \/>\n<meta name=\"twitter:card\" content=\"summary_large_image\" \/>\n<meta name=\"twitter:label1\" content=\"Escrito por\" \/>\n\t<meta name=\"twitter:data1\" content=\"hopeandjustice\" \/>\n\t<meta name=\"twitter:label2\" content=\"Est. tempo de leitura\" \/>\n\t<meta name=\"twitter:data2\" content=\"3 minutos\" \/>\n<script type=\"application\/ld+json\" class=\"yoast-schema-graph\">{\"@context\":\"https:\\\/\\\/schema.org\",\"@graph\":[{\"@type\":\"Article\",\"@id\":\"https:\\\/\\\/hopeandjusticefoundation.com\\\/hope-justice-foundation-on-world-day-against-human-trafficking\\\/#article\",\"isPartOf\":{\"@id\":\"https:\\\/\\\/hopeandjusticefoundation.com\\\/hope-justice-foundation-on-world-day-against-human-trafficking\\\/\"},\"author\":{\"name\":\"hopeandjustice\",\"@id\":\"https:\\\/\\\/hopeandjusticefoundation.com\\\/#\\\/schema\\\/person\\\/17005d0670728f592c0566dc86cde220\"},\"headline\":\"Hope &#038; Justice Foundation on World Day Against Human Trafficking\",\"datePublished\":\"2021-07-23T15:36:35+00:00\",\"dateModified\":\"2023-08-15T14:15:18+00:00\",\"mainEntityOfPage\":{\"@id\":\"https:\\\/\\\/hopeandjusticefoundation.com\\\/hope-justice-foundation-on-world-day-against-human-trafficking\\\/\"},\"wordCount\":630,\"commentCount\":0,\"publisher\":{\"@id\":\"https:\\\/\\\/hopeandjusticefoundation.com\\\/#organization\"},\"image\":{\"@id\":\"https:\\\/\\\/hopeandjusticefoundation.com\\\/hope-justice-foundation-on-world-day-against-human-trafficking\\\/#primaryimage\"},\"thumbnailUrl\":\"https:\\\/\\\/hopeandjusticefoundation.com\\\/wp-content\\\/uploads\\\/2022\\\/06\\\/ANA.png\",\"articleSection\":[\"Blog\",\"Uncategorized\"],\"inLanguage\":\"pt-BR\"},{\"@type\":\"WebPage\",\"@id\":\"https:\\\/\\\/hopeandjusticefoundation.com\\\/hope-justice-foundation-on-world-day-against-human-trafficking\\\/\",\"url\":\"https:\\\/\\\/hopeandjusticefoundation.com\\\/hope-justice-foundation-on-world-day-against-human-trafficking\\\/\",\"name\":\"Hope & Justice Foundation on World Day Against Human Trafficking - Hope &amp; Justice Foundation\",\"isPartOf\":{\"@id\":\"https:\\\/\\\/hopeandjusticefoundation.com\\\/#website\"},\"primaryImageOfPage\":{\"@id\":\"https:\\\/\\\/hopeandjusticefoundation.com\\\/hope-justice-foundation-on-world-day-against-human-trafficking\\\/#primaryimage\"},\"image\":{\"@id\":\"https:\\\/\\\/hopeandjusticefoundation.com\\\/hope-justice-foundation-on-world-day-against-human-trafficking\\\/#primaryimage\"},\"thumbnailUrl\":\"https:\\\/\\\/hopeandjusticefoundation.com\\\/wp-content\\\/uploads\\\/2022\\\/06\\\/ANA.png\",\"datePublished\":\"2021-07-23T15:36:35+00:00\",\"dateModified\":\"2023-08-15T14:15:18+00:00\",\"breadcrumb\":{\"@id\":\"https:\\\/\\\/hopeandjusticefoundation.com\\\/hope-justice-foundation-on-world-day-against-human-trafficking\\\/#breadcrumb\"},\"inLanguage\":\"pt-BR\",\"potentialAction\":[{\"@type\":\"ReadAction\",\"target\":[\"https:\\\/\\\/hopeandjusticefoundation.com\\\/hope-justice-foundation-on-world-day-against-human-trafficking\\\/\"]}]},{\"@type\":\"ImageObject\",\"inLanguage\":\"pt-BR\",\"@id\":\"https:\\\/\\\/hopeandjusticefoundation.com\\\/hope-justice-foundation-on-world-day-against-human-trafficking\\\/#primaryimage\",\"url\":\"https:\\\/\\\/hopeandjusticefoundation.com\\\/wp-content\\\/uploads\\\/2022\\\/06\\\/ANA.png\",\"contentUrl\":\"https:\\\/\\\/hopeandjusticefoundation.com\\\/wp-content\\\/uploads\\\/2022\\\/06\\\/ANA.png\",\"width\":600,\"height\":680},{\"@type\":\"BreadcrumbList\",\"@id\":\"https:\\\/\\\/hopeandjusticefoundation.com\\\/hope-justice-foundation-on-world-day-against-human-trafficking\\\/#breadcrumb\",\"itemListElement\":[{\"@type\":\"ListItem\",\"position\":1,\"name\":\"In\u00edcio\",\"item\":\"https:\\\/\\\/hopeandjusticefoundation.com\\\/\"},{\"@type\":\"ListItem\",\"position\":2,\"name\":\"Hope &#038; Justice Foundation on World Day Against Human Trafficking\"}]},{\"@type\":\"WebSite\",\"@id\":\"https:\\\/\\\/hopeandjusticefoundation.com\\\/#website\",\"url\":\"https:\\\/\\\/hopeandjusticefoundation.com\\\/\",\"name\":\"Hope &amp; Justice Foundation\",\"description\":\"Combate ao tr\u00e1fico humano - hope &amp; justice\",\"publisher\":{\"@id\":\"https:\\\/\\\/hopeandjusticefoundation.com\\\/#organization\"},\"potentialAction\":[{\"@type\":\"SearchAction\",\"target\":{\"@type\":\"EntryPoint\",\"urlTemplate\":\"https:\\\/\\\/hopeandjusticefoundation.com\\\/?s={search_term_string}\"},\"query-input\":{\"@type\":\"PropertyValueSpecification\",\"valueRequired\":true,\"valueName\":\"search_term_string\"}}],\"inLanguage\":\"pt-BR\"},{\"@type\":\"Organization\",\"@id\":\"https:\\\/\\\/hopeandjusticefoundation.com\\\/#organization\",\"name\":\"Hope &amp; Justice Foundation\",\"url\":\"https:\\\/\\\/hopeandjusticefoundation.com\\\/\",\"logo\":{\"@type\":\"ImageObject\",\"inLanguage\":\"pt-BR\",\"@id\":\"https:\\\/\\\/hopeandjusticefoundation.com\\\/#\\\/schema\\\/logo\\\/image\\\/\",\"url\":\"https:\\\/\\\/hopeandjusticefoundation.com\\\/wp-content\\\/uploads\\\/2022\\\/03\\\/logo-hope-justice-new.png\",\"contentUrl\":\"https:\\\/\\\/hopeandjusticefoundation.com\\\/wp-content\\\/uploads\\\/2022\\\/03\\\/logo-hope-justice-new.png\",\"width\":500,\"height\":500,\"caption\":\"Hope &amp; Justice Foundation\"},\"image\":{\"@id\":\"https:\\\/\\\/hopeandjusticefoundation.com\\\/#\\\/schema\\\/logo\\\/image\\\/\"}},{\"@type\":\"Person\",\"@id\":\"https:\\\/\\\/hopeandjusticefoundation.com\\\/#\\\/schema\\\/person\\\/17005d0670728f592c0566dc86cde220\",\"name\":\"hopeandjustice\",\"url\":\"https:\\\/\\\/hopeandjusticefoundation.com\\\/pt\\\/author\\\/hugo\\\/\"}]}<\/script>\n<!-- \/ Yoast SEO plugin. -->","yoast_head_json":{"title":"Hope & Justice Foundation on World Day Against Human Trafficking - Hope &amp; Justice Foundation","robots":{"index":"index","follow":"follow","max-snippet":"max-snippet:-1","max-image-preview":"max-image-preview:large","max-video-preview":"max-video-preview:-1"},"canonical":"https:\/\/hopeandjusticefoundation.com\/pt\/hope-justice-foundation-on-world-day-against-human-trafficking\/","og_locale":"pt_BR","og_type":"article","og_title":"Hope & Justice Foundation on World Day Against Human Trafficking - Hope &amp; Justice Foundation","og_description":"A\u00a0cada ano, em 30 de julho, ocorre uma mobiliza\u00e7\u00e3o mundial para conscientiza\u00e7\u00e3o, preven\u00e7\u00e3o e combate ao tr\u00e1fico humano. O tr\u00e1fico de pessoas \u00e9 um fen\u00f4meno global que est\u00e1 intimamente ligado \u00e0s viola\u00e7\u00f5es dos direitos humanos, migra\u00e7\u00e3o, viol\u00eancia, aspectos culturais e falta de informa\u00e7\u00e3o. Este ano \u00e9 o vig\u00e9simo primeiro anivers\u00e1rio da Conven\u00e7\u00e3o das Na\u00e7\u00f5es Unidas &hellip; Continue lendo \"Hope &#038; Justice Foundation on World Day Against Human Trafficking\"","og_url":"https:\/\/hopeandjusticefoundation.com\/pt\/hope-justice-foundation-on-world-day-against-human-trafficking\/","og_site_name":"Hope &amp; Justice Foundation","article_published_time":"2021-07-23T15:36:35+00:00","article_modified_time":"2023-08-15T14:15:18+00:00","og_image":[{"width":600,"height":680,"url":"https:\/\/hopeandjusticefoundation.com\/wp-content\/uploads\/2022\/06\/ANA.png","type":"image\/png"}],"author":"hopeandjustice","twitter_card":"summary_large_image","twitter_misc":{"Escrito por":"hopeandjustice","Est. tempo de leitura":"3 minutos"},"schema":{"@context":"https:\/\/schema.org","@graph":[{"@type":"Article","@id":"https:\/\/hopeandjusticefoundation.com\/hope-justice-foundation-on-world-day-against-human-trafficking\/#article","isPartOf":{"@id":"https:\/\/hopeandjusticefoundation.com\/hope-justice-foundation-on-world-day-against-human-trafficking\/"},"author":{"name":"hopeandjustice","@id":"https:\/\/hopeandjusticefoundation.com\/#\/schema\/person\/17005d0670728f592c0566dc86cde220"},"headline":"Hope &#038; Justice Foundation on World Day Against Human Trafficking","datePublished":"2021-07-23T15:36:35+00:00","dateModified":"2023-08-15T14:15:18+00:00","mainEntityOfPage":{"@id":"https:\/\/hopeandjusticefoundation.com\/hope-justice-foundation-on-world-day-against-human-trafficking\/"},"wordCount":630,"commentCount":0,"publisher":{"@id":"https:\/\/hopeandjusticefoundation.com\/#organization"},"image":{"@id":"https:\/\/hopeandjusticefoundation.com\/hope-justice-foundation-on-world-day-against-human-trafficking\/#primaryimage"},"thumbnailUrl":"https:\/\/hopeandjusticefoundation.com\/wp-content\/uploads\/2022\/06\/ANA.png","articleSection":["Blog","Uncategorized"],"inLanguage":"pt-BR"},{"@type":"WebPage","@id":"https:\/\/hopeandjusticefoundation.com\/hope-justice-foundation-on-world-day-against-human-trafficking\/","url":"https:\/\/hopeandjusticefoundation.com\/hope-justice-foundation-on-world-day-against-human-trafficking\/","name":"Hope & Justice Foundation on World Day Against Human Trafficking - Hope &amp; Justice Foundation","isPartOf":{"@id":"https:\/\/hopeandjusticefoundation.com\/#website"},"primaryImageOfPage":{"@id":"https:\/\/hopeandjusticefoundation.com\/hope-justice-foundation-on-world-day-against-human-trafficking\/#primaryimage"},"image":{"@id":"https:\/\/hopeandjusticefoundation.com\/hope-justice-foundation-on-world-day-against-human-trafficking\/#primaryimage"},"thumbnailUrl":"https:\/\/hopeandjusticefoundation.com\/wp-content\/uploads\/2022\/06\/ANA.png","datePublished":"2021-07-23T15:36:35+00:00","dateModified":"2023-08-15T14:15:18+00:00","breadcrumb":{"@id":"https:\/\/hopeandjusticefoundation.com\/hope-justice-foundation-on-world-day-against-human-trafficking\/#breadcrumb"},"inLanguage":"pt-BR","potentialAction":[{"@type":"ReadAction","target":["https:\/\/hopeandjusticefoundation.com\/hope-justice-foundation-on-world-day-against-human-trafficking\/"]}]},{"@type":"ImageObject","inLanguage":"pt-BR","@id":"https:\/\/hopeandjusticefoundation.com\/hope-justice-foundation-on-world-day-against-human-trafficking\/#primaryimage","url":"https:\/\/hopeandjusticefoundation.com\/wp-content\/uploads\/2022\/06\/ANA.png","contentUrl":"https:\/\/hopeandjusticefoundation.com\/wp-content\/uploads\/2022\/06\/ANA.png","width":600,"height":680},{"@type":"BreadcrumbList","@id":"https:\/\/hopeandjusticefoundation.com\/hope-justice-foundation-on-world-day-against-human-trafficking\/#breadcrumb","itemListElement":[{"@type":"ListItem","position":1,"name":"In\u00edcio","item":"https:\/\/hopeandjusticefoundation.com\/"},{"@type":"ListItem","position":2,"name":"Hope &#038; Justice Foundation on World Day Against Human Trafficking"}]},{"@type":"WebSite","@id":"https:\/\/hopeandjusticefoundation.com\/#website","url":"https:\/\/hopeandjusticefoundation.com\/","name":"Hope &amp; Justice Foundation","description":"Combate ao tr\u00e1fico humano - hope &amp; justice","publisher":{"@id":"https:\/\/hopeandjusticefoundation.com\/#organization"},"potentialAction":[{"@type":"SearchAction","target":{"@type":"EntryPoint","urlTemplate":"https:\/\/hopeandjusticefoundation.com\/?s={search_term_string}"},"query-input":{"@type":"PropertyValueSpecification","valueRequired":true,"valueName":"search_term_string"}}],"inLanguage":"pt-BR"},{"@type":"Organization","@id":"https:\/\/hopeandjusticefoundation.com\/#organization","name":"Hope &amp; Justice Foundation","url":"https:\/\/hopeandjusticefoundation.com\/","logo":{"@type":"ImageObject","inLanguage":"pt-BR","@id":"https:\/\/hopeandjusticefoundation.com\/#\/schema\/logo\/image\/","url":"https:\/\/hopeandjusticefoundation.com\/wp-content\/uploads\/2022\/03\/logo-hope-justice-new.png","contentUrl":"https:\/\/hopeandjusticefoundation.com\/wp-content\/uploads\/2022\/03\/logo-hope-justice-new.png","width":500,"height":500,"caption":"Hope &amp; Justice Foundation"},"image":{"@id":"https:\/\/hopeandjusticefoundation.com\/#\/schema\/logo\/image\/"}},{"@type":"Person","@id":"https:\/\/hopeandjusticefoundation.com\/#\/schema\/person\/17005d0670728f592c0566dc86cde220","name":"hopeandjustice","url":"https:\/\/hopeandjusticefoundation.com\/pt\/author\/hugo\/"}]}},"_links":{"self":[{"href":"https:\/\/hopeandjusticefoundation.com\/pt\/wp-json\/wp\/v2\/posts\/1468","targetHints":{"allow":["GET"]}}],"collection":[{"href":"https:\/\/hopeandjusticefoundation.com\/pt\/wp-json\/wp\/v2\/posts"}],"about":[{"href":"https:\/\/hopeandjusticefoundation.com\/pt\/wp-json\/wp\/v2\/types\/post"}],"author":[{"embeddable":true,"href":"https:\/\/hopeandjusticefoundation.com\/pt\/wp-json\/wp\/v2\/users\/1"}],"replies":[{"embeddable":true,"href":"https:\/\/hopeandjusticefoundation.com\/pt\/wp-json\/wp\/v2\/comments?post=1468"}],"version-history":[{"count":1,"href":"https:\/\/hopeandjusticefoundation.com\/pt\/wp-json\/wp\/v2\/posts\/1468\/revisions"}],"predecessor-version":[{"id":2643,"href":"https:\/\/hopeandjusticefoundation.com\/pt\/wp-json\/wp\/v2\/posts\/1468\/revisions\/2643"}],"wp:featuredmedia":[{"embeddable":true,"href":"https:\/\/hopeandjusticefoundation.com\/pt\/wp-json\/wp\/v2\/media\/1456"}],"wp:attachment":[{"href":"https:\/\/hopeandjusticefoundation.com\/pt\/wp-json\/wp\/v2\/media?parent=1468"}],"wp:term":[{"taxonomy":"category","embeddable":true,"href":"https:\/\/hopeandjusticefoundation.com\/pt\/wp-json\/wp\/v2\/categories?post=1468"},{"taxonomy":"post_tag","embeddable":true,"href":"https:\/\/hopeandjusticefoundation.com\/pt\/wp-json\/wp\/v2\/tags?post=1468"}],"curies":[{"name":"wp","href":"https:\/\/api.w.org\/{rel}","templated":true}]}}