{"id":1462,"date":"2021-04-01T12:33:29","date_gmt":"2021-04-01T15:33:29","guid":{"rendered":"https:\/\/hopeandjusticefoundation.com\/?p=1462"},"modified":"2023-08-15T11:15:20","modified_gmt":"2023-08-15T14:15:20","slug":"o-direito-nao-socorre-aos-que-dormem","status":"publish","type":"post","link":"https:\/\/hopeandjusticefoundation.com\/pt\/o-direito-nao-socorre-aos-que-dormem\/","title":{"rendered":"O Direito n\u00e3o socorre aos que dormem"},"content":{"rendered":"<p>\u00c9 fato que onde h\u00e1 sociedade h\u00e1 lei como instrumento regulador dos direitos individuais e coletivos. Como sociedade civil organizada e moderna onde se tem amplo acesso \u00e0s informa\u00e7\u00f5es em tempo real. Se queremos justi\u00e7a e reivindicar os nossos direitos\u00a0\u00a0devemos acionar o Poder Judici\u00e1rio na figura do Estado-Juiz no qual estamos inseridos. H\u00e1 uma conhecida m\u00e1xima no Direito que para tudo existe uma solu\u00e7\u00e3o, desde que pleiteada formalmente e tempestivamente,\u00a0<strong><em>\u201cDormientibus non sucurrit jus\u201d<\/em><\/strong>\u2013 o Direito n\u00e3o socorre aos que dormem.<\/p>\n<p>Considerando tal perspectiva, e trazendo para realidade dos imigrantes v\u00edtimas de viol\u00eancia dom\u00e9stica, tr\u00e1fico humano, explora\u00e7\u00e3o laboral, trabalho escravo\u00a0e abuso sexual, entre outros crimes que ferem a dignidade da pessoa humana e os Princ\u00edpios Fundamentais do indiv\u00edduo, aos que vivem nos EUA, para os quais, agora dedico esse artigo na esperan\u00e7a de que possa trazer um despertar para a busca dos Direitos destes.<\/p>\n<p>A vulnerabilidade do imigrante est\u00e1 diretamente relacionada com a dificuldade de comunica\u00e7\u00e3o (barreira do idioma), o desconhecimento da cultura, dos costumes locais, das leis e regras que pautam as rela\u00e7\u00f5es sociais impondo deveres e conferindo direitos. Al\u00e9m dos aspectos s\u00f3cio-econ\u00f4mico, psicol\u00f3gico e emocional. No entanto, irei aqui focar na import\u00e2ncia do conhecimento dos direitos que est\u00e3o postos para o imigrante v\u00edtima de viol\u00eancia nos EUA. Diariamente tenho me deparado com imigrantes que est\u00e3o sendo submetidos aos piores e mais indignos tratamentos dentro de sua pr\u00f3pria casa. Estas pessoas\u00a0v\u00eam sofrendo abusos e agress\u00f5es f\u00edsica, emocional, psicol\u00f3gica e patrimonial. Est\u00e3o sob amea\u00e7as de seus c\u00f4njuges, ou at\u00e9 de seus pais e\/ou filhos. Tais abusos nas rela\u00e7\u00f5es intra-familiares s\u00e3o identificados diariamente em nossos atendimentos.<\/p>\n<p>Muitos imigrantes, especialmente as mulheres, enfrentam\u00a0desafios relacionados \u00e0 viol\u00eancia dom\u00e9stica quando dependem de um c\u00f4njuge cidad\u00e3o americano, ou LPR (Legal Permanente Residente) para solicitar a resid\u00eancia para a v\u00edtima atrav\u00e9s do sistema de imigra\u00e7\u00e3o com base na fam\u00edlia. Pode tamb\u00e9m ter o seu status legal vinculado ao emprego do c\u00f4njuge. Tal situa\u00e7\u00e3o gera vulnerabilidade e mais ainda se h\u00e1 depend\u00eancia financeira.<\/p>\n<p>C\u00f4njuges abusivos costumam atrasar, revogar ou deixar de apresentar peti\u00e7\u00f5es para seus familiares. Muitos c\u00f4njuges abusivos usam de amea\u00e7as de deporta\u00e7\u00e3o se a v\u00edtima n\u00e3o \u201cobedecer\u201d suas ordens e vontades.<\/p>\n<p>Mesmo quando o status legal da mulher n\u00e3o depende de um c\u00f4njuge abusivo que patrocine um visto, as mulheres n\u00e3o-cidad\u00e3s podem ter medo de denunciar o abuso ou explora\u00e7\u00e3o \u00e0 pol\u00edcia por temer que sejam deportadas e separadas de seus filhos e\/ou\u00a0familiares. Isso definitivamente fornece aos agressores uma ferramenta para silenciar suas v\u00edtimas.<\/p>\n<p>Na quase totalidade dos casos atendidos diariamente pela Hope &amp; Justice Foundation, atrav\u00e9s de um dos Programas da Funda\u00e7\u00e3o, o\u00a0\u00a0GAMVV-Grupo de Apoio \u00e0s Mulheres V\u00edtimas\u00a0de Viol\u00eancia, desconhecem completamente os Direitos conferidos pelo Estado aos imigrantes v\u00edtima de crimes, independentemente do status imigrat\u00f3rio. \u00c9 evidente que existem formalidades a serem cumpridas para a obten\u00e7\u00e3o de tais Direitos.<\/p>\n<p>H\u00e1 Leis Federais que conferem Prote\u00e7\u00f5es a imigrantes v\u00edtimas de crimes. Nas \u00faltimas tr\u00eas d\u00e9cadas, o Congresso fez in\u00fameras mudan\u00e7as nas Leis de Imigra\u00e7\u00e3o dos EUA para oferecer prote\u00e7\u00f5es \u00e0s v\u00edtimas n\u00e3o-cidad\u00e3s de viol\u00eancia e crimes dom\u00e9sticos.<\/p>\n<p>A Lei da Reforma da Imigra\u00e7\u00e3o de 1990, permite que v\u00edtimas de viol\u00eancia dom\u00e9stica que obtiveram Resid\u00eancia Condicional Permanente com base em seu casamento com um cidad\u00e3o ou cidad\u00e3 americanos, possam requerer a remo\u00e7\u00e3o dessa condicionalidade sem a assist\u00eancia\u00a0do seu c\u00f4njuge abusivo. Em 1994, o Congresso dos EUA aprova a Lei de Viol\u00eancia Contra as Mulheres (VAWA-Violence Against Women), que permite que v\u00edtimas n\u00e3o-cidad\u00e3s de viol\u00eancia dom\u00e9stica obtenham ajuda da Imigra\u00e7\u00e3o independentemente de seu c\u00f4njuge ou pais abusivos por meio de um processo chamado \u201cauto-peti\u00e7\u00e3o\u201d. Em 2000, o Congresso aprova a Lei de Prote\u00e7\u00e3o \u00e0s Mulheres Imigrantes V\u00edtimas de Viol\u00eancia Dom\u00e9stica, o VAWA 2000. Essa lei criou novas formas de ajuda da imigra\u00e7\u00e3o para v\u00edtimas n\u00e3o-cidad\u00e3s de crimes violentos atrav\u00e9s do Visto U e para v\u00edtimas de agress\u00e3o ou tr\u00e1fico sexual atrav\u00e9s do Visto T.<\/p>\n<p>Em 2005, a Lei de Viol\u00eancia Contra as Mulheres que expandiu essas prote\u00e7\u00f5es para mais algumas v\u00edtimas de abuso, pessoas idosas, por exemplo.<\/p>\n<p>Finalmente, se voc\u00ea \u00e9 v\u00edtima de algum desses crimes mencionados neste artigo, saiba que tem Leis Federais nos EUA que protegem independente do seu status imigrat\u00f3rio. Procure em sua cidade um profissional da \u00e1rea devidamente habilitado e competente para prestar orienta\u00e7\u00f5es. Informe-se sobre os seus Direitos e lute por eles. Lembre-se: o Direito n\u00e3o socorre aos que dormem!<\/p>\n<p><strong>www.hopeandjusticefoundation.org\/asking-for-help-2<\/strong><\/p>\n<p>Se voc\u00ea vir alguma coisa, diga alguma coisa! Quebre o sil\u00eancio. Denuncie!<\/p>","protected":false},"excerpt":{"rendered":"<p>\u00c9 fato que onde h\u00e1 sociedade h\u00e1 lei como instrumento regulador dos direitos individuais e coletivos. Como sociedade civil organizada e moderna onde se tem amplo acesso \u00e0s informa\u00e7\u00f5es em tempo real. Se queremos justi\u00e7a e reivindicar os nossos direitos\u00a0\u00a0devemos acionar o Poder Judici\u00e1rio na figura do Estado-Juiz no qual estamos inseridos. H\u00e1 uma conhecida &hellip; <\/p>\n<p class=\"link-more\"><a href=\"https:\/\/hopeandjusticefoundation.com\/pt\/o-direito-nao-socorre-aos-que-dormem\/\" class=\"more-link\">Continue lendo<span class=\"screen-reader-text\"> &#8220;O Direito n\u00e3o socorre aos que dormem&#8221;<\/span><\/a><\/p>","protected":false},"author":1,"featured_media":1456,"comment_status":"open","ping_status":"open","sticky":false,"template":"","format":"standard","meta":{"footnotes":""},"categories":[9,1],"tags":[],"class_list":["post-1462","post","type-post","status-publish","format-standard","has-post-thumbnail","hentry","category-blog","category-uncategorized"],"aioseo_notices":[],"yoast_head":"<!-- This site is optimized with the Yoast SEO plugin v26.5 - https:\/\/yoast.com\/wordpress\/plugins\/seo\/ -->\n<title>O Direito n\u00e3o socorre aos que dormem - Hope &amp; Justice Foundation<\/title>\n<meta name=\"robots\" content=\"index, follow, max-snippet:-1, max-image-preview:large, max-video-preview:-1\" \/>\n<link rel=\"canonical\" href=\"https:\/\/hopeandjusticefoundation.com\/pt\/o-direito-nao-socorre-aos-que-dormem\/\" \/>\n<meta property=\"og:locale\" content=\"pt_BR\" \/>\n<meta property=\"og:type\" content=\"article\" \/>\n<meta property=\"og:title\" content=\"O Direito n\u00e3o socorre aos que dormem - Hope &amp; Justice Foundation\" \/>\n<meta property=\"og:description\" content=\"\u00c9 fato que onde h\u00e1 sociedade h\u00e1 lei como instrumento regulador dos direitos individuais e coletivos. Como sociedade civil organizada e moderna onde se tem amplo acesso \u00e0s informa\u00e7\u00f5es em tempo real. Se queremos justi\u00e7a e reivindicar os nossos direitos\u00a0\u00a0devemos acionar o Poder Judici\u00e1rio na figura do Estado-Juiz no qual estamos inseridos. H\u00e1 uma conhecida &hellip; Continue lendo &quot;O Direito n\u00e3o socorre aos que dormem&quot;\" \/>\n<meta property=\"og:url\" content=\"https:\/\/hopeandjusticefoundation.com\/pt\/o-direito-nao-socorre-aos-que-dormem\/\" \/>\n<meta property=\"og:site_name\" content=\"Hope &amp; Justice Foundation\" \/>\n<meta property=\"article:published_time\" content=\"2021-04-01T15:33:29+00:00\" \/>\n<meta property=\"article:modified_time\" content=\"2023-08-15T14:15:20+00:00\" \/>\n<meta property=\"og:image\" content=\"https:\/\/hopeandjusticefoundation.com\/wp-content\/uploads\/2022\/06\/ANA.png\" \/>\n\t<meta property=\"og:image:width\" content=\"600\" \/>\n\t<meta property=\"og:image:height\" content=\"680\" \/>\n\t<meta property=\"og:image:type\" content=\"image\/png\" \/>\n<meta name=\"author\" content=\"hopeandjustice\" \/>\n<meta name=\"twitter:card\" content=\"summary_large_image\" \/>\n<meta name=\"twitter:label1\" content=\"Escrito por\" \/>\n\t<meta name=\"twitter:data1\" content=\"hopeandjustice\" \/>\n\t<meta name=\"twitter:label2\" content=\"Est. tempo de leitura\" \/>\n\t<meta name=\"twitter:data2\" content=\"5 minutos\" \/>\n<script type=\"application\/ld+json\" class=\"yoast-schema-graph\">{\"@context\":\"https:\/\/schema.org\",\"@graph\":[{\"@type\":\"Article\",\"@id\":\"https:\/\/hopeandjusticefoundation.com\/o-direito-nao-socorre-aos-que-dormem\/#article\",\"isPartOf\":{\"@id\":\"https:\/\/hopeandjusticefoundation.com\/o-direito-nao-socorre-aos-que-dormem\/\"},\"author\":{\"name\":\"hopeandjustice\",\"@id\":\"https:\/\/hopeandjusticefoundation.com\/#\/schema\/person\/31b541285923266b7fe1e69946913f5a\"},\"headline\":\"O Direito n\u00e3o socorre aos que dormem\",\"datePublished\":\"2021-04-01T15:33:29+00:00\",\"dateModified\":\"2023-08-15T14:15:20+00:00\",\"mainEntityOfPage\":{\"@id\":\"https:\/\/hopeandjusticefoundation.com\/o-direito-nao-socorre-aos-que-dormem\/\"},\"wordCount\":863,\"commentCount\":0,\"publisher\":{\"@id\":\"https:\/\/hopeandjusticefoundation.com\/#organization\"},\"image\":{\"@id\":\"https:\/\/hopeandjusticefoundation.com\/o-direito-nao-socorre-aos-que-dormem\/#primaryimage\"},\"thumbnailUrl\":\"https:\/\/hopeandjusticefoundation.com\/wp-content\/uploads\/2022\/06\/ANA.png\",\"articleSection\":[\"Blog\",\"Uncategorized\"],\"inLanguage\":\"pt-BR\"},{\"@type\":\"WebPage\",\"@id\":\"https:\/\/hopeandjusticefoundation.com\/o-direito-nao-socorre-aos-que-dormem\/\",\"url\":\"https:\/\/hopeandjusticefoundation.com\/o-direito-nao-socorre-aos-que-dormem\/\",\"name\":\"O Direito n\u00e3o socorre aos que dormem - Hope &amp; Justice Foundation\",\"isPartOf\":{\"@id\":\"https:\/\/hopeandjusticefoundation.com\/#website\"},\"primaryImageOfPage\":{\"@id\":\"https:\/\/hopeandjusticefoundation.com\/o-direito-nao-socorre-aos-que-dormem\/#primaryimage\"},\"image\":{\"@id\":\"https:\/\/hopeandjusticefoundation.com\/o-direito-nao-socorre-aos-que-dormem\/#primaryimage\"},\"thumbnailUrl\":\"https:\/\/hopeandjusticefoundation.com\/wp-content\/uploads\/2022\/06\/ANA.png\",\"datePublished\":\"2021-04-01T15:33:29+00:00\",\"dateModified\":\"2023-08-15T14:15:20+00:00\",\"breadcrumb\":{\"@id\":\"https:\/\/hopeandjusticefoundation.com\/o-direito-nao-socorre-aos-que-dormem\/#breadcrumb\"},\"inLanguage\":\"pt-BR\",\"potentialAction\":[{\"@type\":\"ReadAction\",\"target\":[\"https:\/\/hopeandjusticefoundation.com\/o-direito-nao-socorre-aos-que-dormem\/\"]}]},{\"@type\":\"ImageObject\",\"inLanguage\":\"pt-BR\",\"@id\":\"https:\/\/hopeandjusticefoundation.com\/o-direito-nao-socorre-aos-que-dormem\/#primaryimage\",\"url\":\"https:\/\/hopeandjusticefoundation.com\/wp-content\/uploads\/2022\/06\/ANA.png\",\"contentUrl\":\"https:\/\/hopeandjusticefoundation.com\/wp-content\/uploads\/2022\/06\/ANA.png\",\"width\":600,\"height\":680},{\"@type\":\"BreadcrumbList\",\"@id\":\"https:\/\/hopeandjusticefoundation.com\/o-direito-nao-socorre-aos-que-dormem\/#breadcrumb\",\"itemListElement\":[{\"@type\":\"ListItem\",\"position\":1,\"name\":\"In\u00edcio\",\"item\":\"https:\/\/hopeandjusticefoundation.com\/\"},{\"@type\":\"ListItem\",\"position\":2,\"name\":\"O Direito n\u00e3o socorre aos que dormem\"}]},{\"@type\":\"WebSite\",\"@id\":\"https:\/\/hopeandjusticefoundation.com\/#website\",\"url\":\"https:\/\/hopeandjusticefoundation.com\/\",\"name\":\"Hope &amp; Justice Foundation\",\"description\":\"Combate ao tr\u00e1fico humano - hope &amp; justice\",\"publisher\":{\"@id\":\"https:\/\/hopeandjusticefoundation.com\/#organization\"},\"potentialAction\":[{\"@type\":\"SearchAction\",\"target\":{\"@type\":\"EntryPoint\",\"urlTemplate\":\"https:\/\/hopeandjusticefoundation.com\/?s={search_term_string}\"},\"query-input\":{\"@type\":\"PropertyValueSpecification\",\"valueRequired\":true,\"valueName\":\"search_term_string\"}}],\"inLanguage\":\"pt-BR\"},{\"@type\":\"Organization\",\"@id\":\"https:\/\/hopeandjusticefoundation.com\/#organization\",\"name\":\"Hope &amp; Justice Foundation\",\"url\":\"https:\/\/hopeandjusticefoundation.com\/\",\"logo\":{\"@type\":\"ImageObject\",\"inLanguage\":\"pt-BR\",\"@id\":\"https:\/\/hopeandjusticefoundation.com\/#\/schema\/logo\/image\/\",\"url\":\"https:\/\/hopeandjusticefoundation.com\/wp-content\/uploads\/2022\/03\/logo-hope-justice-new.png\",\"contentUrl\":\"https:\/\/hopeandjusticefoundation.com\/wp-content\/uploads\/2022\/03\/logo-hope-justice-new.png\",\"width\":500,\"height\":500,\"caption\":\"Hope &amp; Justice Foundation\"},\"image\":{\"@id\":\"https:\/\/hopeandjusticefoundation.com\/#\/schema\/logo\/image\/\"}},{\"@type\":\"Person\",\"@id\":\"https:\/\/hopeandjusticefoundation.com\/#\/schema\/person\/31b541285923266b7fe1e69946913f5a\",\"name\":\"hopeandjustice\",\"url\":\"https:\/\/hopeandjusticefoundation.com\/pt\/author\/hugo\/\"}]}<\/script>\n<!-- \/ Yoast SEO plugin. -->","yoast_head_json":{"title":"O Direito n\u00e3o socorre aos que dormem - Hope &amp; Justice Foundation","robots":{"index":"index","follow":"follow","max-snippet":"max-snippet:-1","max-image-preview":"max-image-preview:large","max-video-preview":"max-video-preview:-1"},"canonical":"https:\/\/hopeandjusticefoundation.com\/pt\/o-direito-nao-socorre-aos-que-dormem\/","og_locale":"pt_BR","og_type":"article","og_title":"O Direito n\u00e3o socorre aos que dormem - Hope &amp; Justice Foundation","og_description":"\u00c9 fato que onde h\u00e1 sociedade h\u00e1 lei como instrumento regulador dos direitos individuais e coletivos. Como sociedade civil organizada e moderna onde se tem amplo acesso \u00e0s informa\u00e7\u00f5es em tempo real. Se queremos justi\u00e7a e reivindicar os nossos direitos\u00a0\u00a0devemos acionar o Poder Judici\u00e1rio na figura do Estado-Juiz no qual estamos inseridos. H\u00e1 uma conhecida &hellip; Continue lendo \"O Direito n\u00e3o socorre aos que dormem\"","og_url":"https:\/\/hopeandjusticefoundation.com\/pt\/o-direito-nao-socorre-aos-que-dormem\/","og_site_name":"Hope &amp; Justice Foundation","article_published_time":"2021-04-01T15:33:29+00:00","article_modified_time":"2023-08-15T14:15:20+00:00","og_image":[{"width":600,"height":680,"url":"https:\/\/hopeandjusticefoundation.com\/wp-content\/uploads\/2022\/06\/ANA.png","type":"image\/png"}],"author":"hopeandjustice","twitter_card":"summary_large_image","twitter_misc":{"Escrito por":"hopeandjustice","Est. tempo de leitura":"5 minutos"},"schema":{"@context":"https:\/\/schema.org","@graph":[{"@type":"Article","@id":"https:\/\/hopeandjusticefoundation.com\/o-direito-nao-socorre-aos-que-dormem\/#article","isPartOf":{"@id":"https:\/\/hopeandjusticefoundation.com\/o-direito-nao-socorre-aos-que-dormem\/"},"author":{"name":"hopeandjustice","@id":"https:\/\/hopeandjusticefoundation.com\/#\/schema\/person\/31b541285923266b7fe1e69946913f5a"},"headline":"O Direito n\u00e3o socorre aos que dormem","datePublished":"2021-04-01T15:33:29+00:00","dateModified":"2023-08-15T14:15:20+00:00","mainEntityOfPage":{"@id":"https:\/\/hopeandjusticefoundation.com\/o-direito-nao-socorre-aos-que-dormem\/"},"wordCount":863,"commentCount":0,"publisher":{"@id":"https:\/\/hopeandjusticefoundation.com\/#organization"},"image":{"@id":"https:\/\/hopeandjusticefoundation.com\/o-direito-nao-socorre-aos-que-dormem\/#primaryimage"},"thumbnailUrl":"https:\/\/hopeandjusticefoundation.com\/wp-content\/uploads\/2022\/06\/ANA.png","articleSection":["Blog","Uncategorized"],"inLanguage":"pt-BR"},{"@type":"WebPage","@id":"https:\/\/hopeandjusticefoundation.com\/o-direito-nao-socorre-aos-que-dormem\/","url":"https:\/\/hopeandjusticefoundation.com\/o-direito-nao-socorre-aos-que-dormem\/","name":"O Direito n\u00e3o socorre aos que dormem - Hope &amp; Justice Foundation","isPartOf":{"@id":"https:\/\/hopeandjusticefoundation.com\/#website"},"primaryImageOfPage":{"@id":"https:\/\/hopeandjusticefoundation.com\/o-direito-nao-socorre-aos-que-dormem\/#primaryimage"},"image":{"@id":"https:\/\/hopeandjusticefoundation.com\/o-direito-nao-socorre-aos-que-dormem\/#primaryimage"},"thumbnailUrl":"https:\/\/hopeandjusticefoundation.com\/wp-content\/uploads\/2022\/06\/ANA.png","datePublished":"2021-04-01T15:33:29+00:00","dateModified":"2023-08-15T14:15:20+00:00","breadcrumb":{"@id":"https:\/\/hopeandjusticefoundation.com\/o-direito-nao-socorre-aos-que-dormem\/#breadcrumb"},"inLanguage":"pt-BR","potentialAction":[{"@type":"ReadAction","target":["https:\/\/hopeandjusticefoundation.com\/o-direito-nao-socorre-aos-que-dormem\/"]}]},{"@type":"ImageObject","inLanguage":"pt-BR","@id":"https:\/\/hopeandjusticefoundation.com\/o-direito-nao-socorre-aos-que-dormem\/#primaryimage","url":"https:\/\/hopeandjusticefoundation.com\/wp-content\/uploads\/2022\/06\/ANA.png","contentUrl":"https:\/\/hopeandjusticefoundation.com\/wp-content\/uploads\/2022\/06\/ANA.png","width":600,"height":680},{"@type":"BreadcrumbList","@id":"https:\/\/hopeandjusticefoundation.com\/o-direito-nao-socorre-aos-que-dormem\/#breadcrumb","itemListElement":[{"@type":"ListItem","position":1,"name":"In\u00edcio","item":"https:\/\/hopeandjusticefoundation.com\/"},{"@type":"ListItem","position":2,"name":"O Direito n\u00e3o socorre aos que dormem"}]},{"@type":"WebSite","@id":"https:\/\/hopeandjusticefoundation.com\/#website","url":"https:\/\/hopeandjusticefoundation.com\/","name":"Hope &amp; Justice Foundation","description":"Combate ao tr\u00e1fico humano - hope &amp; justice","publisher":{"@id":"https:\/\/hopeandjusticefoundation.com\/#organization"},"potentialAction":[{"@type":"SearchAction","target":{"@type":"EntryPoint","urlTemplate":"https:\/\/hopeandjusticefoundation.com\/?s={search_term_string}"},"query-input":{"@type":"PropertyValueSpecification","valueRequired":true,"valueName":"search_term_string"}}],"inLanguage":"pt-BR"},{"@type":"Organization","@id":"https:\/\/hopeandjusticefoundation.com\/#organization","name":"Hope &amp; Justice Foundation","url":"https:\/\/hopeandjusticefoundation.com\/","logo":{"@type":"ImageObject","inLanguage":"pt-BR","@id":"https:\/\/hopeandjusticefoundation.com\/#\/schema\/logo\/image\/","url":"https:\/\/hopeandjusticefoundation.com\/wp-content\/uploads\/2022\/03\/logo-hope-justice-new.png","contentUrl":"https:\/\/hopeandjusticefoundation.com\/wp-content\/uploads\/2022\/03\/logo-hope-justice-new.png","width":500,"height":500,"caption":"Hope &amp; Justice Foundation"},"image":{"@id":"https:\/\/hopeandjusticefoundation.com\/#\/schema\/logo\/image\/"}},{"@type":"Person","@id":"https:\/\/hopeandjusticefoundation.com\/#\/schema\/person\/31b541285923266b7fe1e69946913f5a","name":"hopeandjustice","url":"https:\/\/hopeandjusticefoundation.com\/pt\/author\/hugo\/"}]}},"_links":{"self":[{"href":"https:\/\/hopeandjusticefoundation.com\/pt\/wp-json\/wp\/v2\/posts\/1462","targetHints":{"allow":["GET"]}}],"collection":[{"href":"https:\/\/hopeandjusticefoundation.com\/pt\/wp-json\/wp\/v2\/posts"}],"about":[{"href":"https:\/\/hopeandjusticefoundation.com\/pt\/wp-json\/wp\/v2\/types\/post"}],"author":[{"embeddable":true,"href":"https:\/\/hopeandjusticefoundation.com\/pt\/wp-json\/wp\/v2\/users\/1"}],"replies":[{"embeddable":true,"href":"https:\/\/hopeandjusticefoundation.com\/pt\/wp-json\/wp\/v2\/comments?post=1462"}],"version-history":[{"count":1,"href":"https:\/\/hopeandjusticefoundation.com\/pt\/wp-json\/wp\/v2\/posts\/1462\/revisions"}],"predecessor-version":[{"id":3161,"href":"https:\/\/hopeandjusticefoundation.com\/pt\/wp-json\/wp\/v2\/posts\/1462\/revisions\/3161"}],"wp:featuredmedia":[{"embeddable":true,"href":"https:\/\/hopeandjusticefoundation.com\/pt\/wp-json\/wp\/v2\/media\/1456"}],"wp:attachment":[{"href":"https:\/\/hopeandjusticefoundation.com\/pt\/wp-json\/wp\/v2\/media?parent=1462"}],"wp:term":[{"taxonomy":"category","embeddable":true,"href":"https:\/\/hopeandjusticefoundation.com\/pt\/wp-json\/wp\/v2\/categories?post=1462"},{"taxonomy":"post_tag","embeddable":true,"href":"https:\/\/hopeandjusticefoundation.com\/pt\/wp-json\/wp\/v2\/tags?post=1462"}],"curies":[{"name":"wp","href":"https:\/\/api.w.org\/{rel}","templated":true}]}}