{"id":1458,"date":"2021-02-22T12:31:44","date_gmt":"2021-02-22T15:31:44","guid":{"rendered":"https:\/\/hopeandjusticefoundation.com\/?p=1458"},"modified":"2023-08-15T11:15:21","modified_gmt":"2023-08-15T14:15:21","slug":"conexao-do-trafico-humano-com-a-violencia-domestica","status":"publish","type":"post","link":"https:\/\/hopeandjusticefoundation.com\/pt\/conexao-do-trafico-humano-com-a-violencia-domestica\/","title":{"rendered":"Conex\u00e3o do tr\u00e1fico humano com a viol\u00eancia dom\u00e9stica"},"content":{"rendered":"<p>O tr\u00e1fico humano \u00e9 um grande problema social que requer pol\u00edticas e respostas pr\u00e1ticas em conformidade com a realidade factual que lhe \u00e9 inerente, e o que tamb\u00e9m, se aplica \u00e0 viol\u00eancia dom\u00e9stica. Os riscos do tr\u00e1fico humano para homens, mulheres e crian\u00e7as e os consequentes efeitos psicol\u00f3gicos, emocionais e f\u00edsicos demonstram a necessidade de que a\u00a0 sociedade civil\u00a0 organizada se envolva de maneira mais efetiva com o trabalho social, especialmente nas \u00e1reas da viol\u00eancia e nos aspectos culturais que as incitam, promovendo a preven\u00e7\u00e3o e o combate a esses crimes. Necess\u00e1rio se faz, observar as semelhan\u00e7as na din\u00e2mica do abuso por c\u00f4njuges e familiares com o tr\u00e1fico humano. As organiza\u00e7\u00f5es que atendem \u00e0s v\u00edtimas de viol\u00eancia dom\u00e9stica e de agress\u00e3o sexual devem ser capacitadas para al\u00e9m de fornecer os servi\u00e7os inerentes \u00e0 miss\u00e3o das mesmas, tamb\u00e9m ser capaz de identificar v\u00edtimas de tr\u00e1fico humano dentro do \u00e2mbito dom\u00e9stico. Urge realizar um amplo debate p\u00fablico sobre as pr\u00e1ticas de preven\u00e7\u00e3o e combate ao tr\u00e1fico humano no ambiente dom\u00e9stico para apresenta\u00e7\u00e3o de solu\u00e7\u00f5es dessa problem\u00e1tica.<\/p>\n<p>\u00c9 fundamental compreender melhor os tipos de tr\u00e1fico humano que ocorrem em casa, praticado por um parceiro \u00edntimo da v\u00edtima ou por membros da fam\u00edlia e essa sobreposi\u00e7\u00e3o com o conhecimento existente sobre a manipula\u00e7\u00e3o do perpetrador atrav\u00e9s da Roda de poder e controle.<\/p>\n<p>Na roda de poder e controle, os tipos mais frequentes de abuso s\u00e3o o uso de privil\u00e9gios, abuso f\u00edsico, abuso econ\u00f4mico, isolamento e abuso sexual. Com elementos de tr\u00e1fico sexual, especificamente sexo comercial for\u00e7ado por um c\u00f4njuge, namorado ou membro da fam\u00edlia; tamb\u00e9m\u00a0 com elementos de tr\u00e1fico de trabalho, como servid\u00e3o dom\u00e9stica, explora\u00e7\u00e3o em uma empresa familiar por um c\u00f4njuge ou membro da fam\u00edlia, ou ambientes de trabalho por familiares e n\u00e3o familiares; al\u00e9m de elementos de Tr\u00e1fico para o trabalho e explora\u00e7\u00e3o sexual, que incluem tamb\u00e9m, parcerias servis e casamento for\u00e7ado.<\/p>\n<p>A explora\u00e7\u00e3o do tr\u00e1fico humano por um c\u00f4njuge, namorado, membro da fam\u00edlia ou em ambiente dom\u00e9stico n\u00e3o \u00e9 incomum.\u00a0 Rela\u00e7\u00f5es \u00edntimas com um traficante, coer\u00e7\u00e3o psicol\u00f3gica e amea\u00e7as podem reduzir a den\u00fancia de abuso, a subseq\u00fcente presta\u00e7\u00e3o de servi\u00e7os e resultar em classifica\u00e7\u00e3o incorreta como v\u00edtima de viol\u00eancia dom\u00e9stica por um c\u00f4njuge ou namorado. Deve-se lan\u00e7ar luz sobre essa variedade de tipologias de Tr\u00e1fico Humano\u00a0 e explora\u00e7\u00e3o no ambiente dom\u00e9stico, expandindo ainda mais a base de evid\u00eancias do movimento anti-tr\u00e1fico para interven\u00e7\u00e3o, combate e preven\u00e7\u00e3o ao tr\u00e1fico humano.<\/p>\n<p>H\u00e1 muito tem se apontado as conex\u00f5es\u00a0 entre a viol\u00eancia dom\u00e9stica e o tr\u00e1fico humano. O Governo\u00a0 Federal j\u00e1 vem reconhecendo tais conex\u00f5es, admitindo casos\u00a0 que inicialmente pareciam ser viol\u00eancia dom\u00e9stica e que na verdade mascaravam\u00a0 tr\u00e1fico sexual e de trabalho. Compreender as conex\u00f5es entre o tr\u00e1fico de pessoas e a viol\u00eancia dom\u00e9stica \u00e9 a chave para identificar solu\u00e7\u00f5es criminais, civis e de imigra\u00e7\u00e3o.<\/p>\n<p>N\u00e3o \u00e9 incomum em processos federais de tr\u00e1fico de pessoas que o traficante seja o marido, namorado ou parceiro rom\u00e2ntico da v\u00edtima. O fato de um traficante ser casado com ou ter um relacionamento \u00edntimo com sua v\u00edtima n\u00e3o deve viciar o crime de tr\u00e1fico. Sexo for\u00e7ado n\u00e3o comercial pode ser qualificado como servid\u00e3o involunt\u00e1ria, mesmo no contexto de um relacionamento com parceiro \u00edntimo.\u00a0 E os parceiros \u00edntimos tamb\u00e9m podem manter esposas e namoradas em trabalhos for\u00e7ados.<\/p>\n<p>Em alguns casos, um casamento ou relacionamento \u00edntimo pode ser uma fraude instigada pelo traficante desde o in\u00edcio. Esse padr\u00e3o de fato \u00e9 particularmente comum em casos de tr\u00e1fico sexual, em que jovens v\u00edtimas s\u00e3o atra\u00eddas para casamentos ou relacionamentos rom\u00e2nticos apenas e s\u00e3o exploradas por seus parceiros por meio da prostitui\u00e7\u00e3o for\u00e7ada.<\/p>\n<p>O tr\u00e1fico de pessoas pode ocorrer junto com a viol\u00eancia dom\u00e9stica, especialmente quando outros membros da fam\u00edlia dirigem o trabalho for\u00e7ado. Os traficantes podem usar o medo da v\u00edtima de retalia\u00e7\u00e3o por parte de sua comunidade ou parentes como uma forma de coer\u00e7\u00e3o. Tamb\u00e9m pode incluir roubo de identidade, fraude fiscal e apresenta\u00e7\u00e3o de declara\u00e7\u00f5es de impostos falsas. Essas declara\u00e7\u00f5es fiscais fraudulentas podem resultar em a\u00e7\u00f5es de fiscaliza\u00e7\u00e3o do IRS contra as v\u00edtimas de tr\u00e1fico, mesmo anos ap\u00f3s sua fuga. A fraude fiscal perpetrada pelo traficante \u00e9 um risco para todas as v\u00edtimas de tr\u00e1fico, mas tal risco \u00e9 particularmente pronunciado em situa\u00e7\u00f5es de viol\u00eancia dom\u00e9stica e tr\u00e1fico controlado pela fam\u00edlia.<\/p>\n<p>O crescente reconhecimento da conex\u00e3o entre a viol\u00eancia dom\u00e9stica e o tr\u00e1fico de pessoas permitir\u00e1 que os sobreviventes consigam justi\u00e7a e al\u00edvio para a situa\u00e7\u00e3o legal, psicol\u00f3gica, emocional, social e imigrat\u00f3ria, se for o caso.<\/p>\n<p>Se voc\u00ea vir alguma coisa, diga alguma coisa. Promova Esperan\u00e7a &amp; Justi\u00e7a para as v\u00edtimas do tr\u00e1fico humano e da viol\u00eancia dom\u00e9stica. Denuncie: www.hopeandjusticefoundation.org<\/p>\n<p>Se voc\u00ea estiver em perigo imediato, entre em contato com o 911. Para obter assist\u00eancia imediata, ligue para a Linha Direta Nacional de Tr\u00e1fico Humano em 1-888-373-7888.<\/p>\n<p>Voc\u00ea pode entrar em contato com a Hotline 24 horas por dia, 7 dias por semana em mais de 200 idiomas.<\/p>\n<p>Todas as liga\u00e7\u00f5es s\u00e3o confidenciais e atendidas ao vivo por Advocates da Linha Direta Anti-tr\u00e1fico altamente treinados.www.humantraffickinghotline.org<\/p>\n<p>E-mail: help@humantraffickinghotline.org.<\/p>\n<p>National Domestic Violence Hotline 1-800-799-SAFE (1-800-799-7233) \u2013 1-800-787-3224 (TTY) www.ndvh.org<\/p>","protected":false},"excerpt":{"rendered":"<p>O tr\u00e1fico humano \u00e9 um grande problema social que requer pol\u00edticas e respostas pr\u00e1ticas em conformidade com a realidade factual que lhe \u00e9 inerente, e o que tamb\u00e9m, se aplica \u00e0 viol\u00eancia dom\u00e9stica. Os riscos do tr\u00e1fico humano para homens, mulheres e crian\u00e7as e os consequentes efeitos psicol\u00f3gicos, emocionais e f\u00edsicos demonstram a necessidade de &hellip; <\/p>\n<p class=\"link-more\"><a href=\"https:\/\/hopeandjusticefoundation.com\/pt\/conexao-do-trafico-humano-com-a-violencia-domestica\/\" class=\"more-link\">Continue lendo<span class=\"screen-reader-text\"> &#8220;Conex\u00e3o do tr\u00e1fico humano com a viol\u00eancia dom\u00e9stica&#8221;<\/span><\/a><\/p>","protected":false},"author":1,"featured_media":1456,"comment_status":"open","ping_status":"open","sticky":false,"template":"","format":"standard","meta":{"footnotes":""},"categories":[9,1],"tags":[],"class_list":["post-1458","post","type-post","status-publish","format-standard","has-post-thumbnail","hentry","category-blog","category-uncategorized"],"aioseo_notices":[],"yoast_head":"<!-- This site is optimized with the Yoast SEO plugin v27.5 - https:\/\/yoast.com\/product\/yoast-seo-wordpress\/ -->\n<title>Conex\u00e3o do tr\u00e1fico humano com a viol\u00eancia dom\u00e9stica - Hope &amp; Justice Foundation<\/title>\n<meta name=\"robots\" content=\"index, follow, max-snippet:-1, max-image-preview:large, max-video-preview:-1\" \/>\n<link rel=\"canonical\" href=\"https:\/\/hopeandjusticefoundation.com\/pt\/conexao-do-trafico-humano-com-a-violencia-domestica\/\" \/>\n<meta property=\"og:locale\" content=\"pt_BR\" \/>\n<meta property=\"og:type\" content=\"article\" \/>\n<meta property=\"og:title\" content=\"Conex\u00e3o do tr\u00e1fico humano com a viol\u00eancia dom\u00e9stica - Hope &amp; Justice Foundation\" \/>\n<meta property=\"og:description\" content=\"O tr\u00e1fico humano \u00e9 um grande problema social que requer pol\u00edticas e respostas pr\u00e1ticas em conformidade com a realidade factual que lhe \u00e9 inerente, e o que tamb\u00e9m, se aplica \u00e0 viol\u00eancia dom\u00e9stica. Os riscos do tr\u00e1fico humano para homens, mulheres e crian\u00e7as e os consequentes efeitos psicol\u00f3gicos, emocionais e f\u00edsicos demonstram a necessidade de &hellip; Continue lendo &quot;Conex\u00e3o do tr\u00e1fico humano com a viol\u00eancia dom\u00e9stica&quot;\" \/>\n<meta property=\"og:url\" content=\"https:\/\/hopeandjusticefoundation.com\/pt\/conexao-do-trafico-humano-com-a-violencia-domestica\/\" \/>\n<meta property=\"og:site_name\" content=\"Hope &amp; Justice Foundation\" \/>\n<meta property=\"article:published_time\" content=\"2021-02-22T15:31:44+00:00\" \/>\n<meta property=\"article:modified_time\" content=\"2023-08-15T14:15:21+00:00\" \/>\n<meta property=\"og:image\" content=\"https:\/\/hopeandjusticefoundation.com\/wp-content\/uploads\/2022\/06\/ANA.png\" \/>\n\t<meta property=\"og:image:width\" content=\"600\" \/>\n\t<meta property=\"og:image:height\" content=\"680\" \/>\n\t<meta property=\"og:image:type\" content=\"image\/png\" \/>\n<meta name=\"author\" content=\"hopeandjustice\" \/>\n<meta name=\"twitter:card\" content=\"summary_large_image\" \/>\n<meta name=\"twitter:label1\" content=\"Escrito por\" \/>\n\t<meta name=\"twitter:data1\" content=\"hopeandjustice\" \/>\n\t<meta name=\"twitter:label2\" content=\"Est. tempo de leitura\" \/>\n\t<meta name=\"twitter:data2\" content=\"5 minutos\" \/>\n<script type=\"application\/ld+json\" class=\"yoast-schema-graph\">{\"@context\":\"https:\\\/\\\/schema.org\",\"@graph\":[{\"@type\":\"Article\",\"@id\":\"https:\\\/\\\/hopeandjusticefoundation.com\\\/conexao-do-trafico-humano-com-a-violencia-domestica\\\/#article\",\"isPartOf\":{\"@id\":\"https:\\\/\\\/hopeandjusticefoundation.com\\\/conexao-do-trafico-humano-com-a-violencia-domestica\\\/\"},\"author\":{\"name\":\"hopeandjustice\",\"@id\":\"https:\\\/\\\/hopeandjusticefoundation.com\\\/#\\\/schema\\\/person\\\/17005d0670728f592c0566dc86cde220\"},\"headline\":\"Conex\u00e3o do tr\u00e1fico humano com a viol\u00eancia dom\u00e9stica\",\"datePublished\":\"2021-02-22T15:31:44+00:00\",\"dateModified\":\"2023-08-15T14:15:21+00:00\",\"mainEntityOfPage\":{\"@id\":\"https:\\\/\\\/hopeandjusticefoundation.com\\\/conexao-do-trafico-humano-com-a-violencia-domestica\\\/\"},\"wordCount\":1025,\"commentCount\":0,\"publisher\":{\"@id\":\"https:\\\/\\\/hopeandjusticefoundation.com\\\/#organization\"},\"image\":{\"@id\":\"https:\\\/\\\/hopeandjusticefoundation.com\\\/conexao-do-trafico-humano-com-a-violencia-domestica\\\/#primaryimage\"},\"thumbnailUrl\":\"https:\\\/\\\/hopeandjusticefoundation.com\\\/wp-content\\\/uploads\\\/2022\\\/06\\\/ANA.png\",\"articleSection\":[\"Blog\",\"Uncategorized\"],\"inLanguage\":\"pt-BR\"},{\"@type\":\"WebPage\",\"@id\":\"https:\\\/\\\/hopeandjusticefoundation.com\\\/conexao-do-trafico-humano-com-a-violencia-domestica\\\/\",\"url\":\"https:\\\/\\\/hopeandjusticefoundation.com\\\/conexao-do-trafico-humano-com-a-violencia-domestica\\\/\",\"name\":\"Conex\u00e3o do tr\u00e1fico humano com a viol\u00eancia dom\u00e9stica - Hope &amp; Justice Foundation\",\"isPartOf\":{\"@id\":\"https:\\\/\\\/hopeandjusticefoundation.com\\\/#website\"},\"primaryImageOfPage\":{\"@id\":\"https:\\\/\\\/hopeandjusticefoundation.com\\\/conexao-do-trafico-humano-com-a-violencia-domestica\\\/#primaryimage\"},\"image\":{\"@id\":\"https:\\\/\\\/hopeandjusticefoundation.com\\\/conexao-do-trafico-humano-com-a-violencia-domestica\\\/#primaryimage\"},\"thumbnailUrl\":\"https:\\\/\\\/hopeandjusticefoundation.com\\\/wp-content\\\/uploads\\\/2022\\\/06\\\/ANA.png\",\"datePublished\":\"2021-02-22T15:31:44+00:00\",\"dateModified\":\"2023-08-15T14:15:21+00:00\",\"breadcrumb\":{\"@id\":\"https:\\\/\\\/hopeandjusticefoundation.com\\\/conexao-do-trafico-humano-com-a-violencia-domestica\\\/#breadcrumb\"},\"inLanguage\":\"pt-BR\",\"potentialAction\":[{\"@type\":\"ReadAction\",\"target\":[\"https:\\\/\\\/hopeandjusticefoundation.com\\\/conexao-do-trafico-humano-com-a-violencia-domestica\\\/\"]}]},{\"@type\":\"ImageObject\",\"inLanguage\":\"pt-BR\",\"@id\":\"https:\\\/\\\/hopeandjusticefoundation.com\\\/conexao-do-trafico-humano-com-a-violencia-domestica\\\/#primaryimage\",\"url\":\"https:\\\/\\\/hopeandjusticefoundation.com\\\/wp-content\\\/uploads\\\/2022\\\/06\\\/ANA.png\",\"contentUrl\":\"https:\\\/\\\/hopeandjusticefoundation.com\\\/wp-content\\\/uploads\\\/2022\\\/06\\\/ANA.png\",\"width\":600,\"height\":680},{\"@type\":\"BreadcrumbList\",\"@id\":\"https:\\\/\\\/hopeandjusticefoundation.com\\\/conexao-do-trafico-humano-com-a-violencia-domestica\\\/#breadcrumb\",\"itemListElement\":[{\"@type\":\"ListItem\",\"position\":1,\"name\":\"In\u00edcio\",\"item\":\"https:\\\/\\\/hopeandjusticefoundation.com\\\/\"},{\"@type\":\"ListItem\",\"position\":2,\"name\":\"Conex\u00e3o do tr\u00e1fico humano com a viol\u00eancia dom\u00e9stica\"}]},{\"@type\":\"WebSite\",\"@id\":\"https:\\\/\\\/hopeandjusticefoundation.com\\\/#website\",\"url\":\"https:\\\/\\\/hopeandjusticefoundation.com\\\/\",\"name\":\"Hope &amp; Justice Foundation\",\"description\":\"Combate ao tr\u00e1fico humano - hope &amp; justice\",\"publisher\":{\"@id\":\"https:\\\/\\\/hopeandjusticefoundation.com\\\/#organization\"},\"potentialAction\":[{\"@type\":\"SearchAction\",\"target\":{\"@type\":\"EntryPoint\",\"urlTemplate\":\"https:\\\/\\\/hopeandjusticefoundation.com\\\/?s={search_term_string}\"},\"query-input\":{\"@type\":\"PropertyValueSpecification\",\"valueRequired\":true,\"valueName\":\"search_term_string\"}}],\"inLanguage\":\"pt-BR\"},{\"@type\":\"Organization\",\"@id\":\"https:\\\/\\\/hopeandjusticefoundation.com\\\/#organization\",\"name\":\"Hope &amp; Justice Foundation\",\"url\":\"https:\\\/\\\/hopeandjusticefoundation.com\\\/\",\"logo\":{\"@type\":\"ImageObject\",\"inLanguage\":\"pt-BR\",\"@id\":\"https:\\\/\\\/hopeandjusticefoundation.com\\\/#\\\/schema\\\/logo\\\/image\\\/\",\"url\":\"https:\\\/\\\/hopeandjusticefoundation.com\\\/wp-content\\\/uploads\\\/2022\\\/03\\\/logo-hope-justice-new.png\",\"contentUrl\":\"https:\\\/\\\/hopeandjusticefoundation.com\\\/wp-content\\\/uploads\\\/2022\\\/03\\\/logo-hope-justice-new.png\",\"width\":500,\"height\":500,\"caption\":\"Hope &amp; Justice Foundation\"},\"image\":{\"@id\":\"https:\\\/\\\/hopeandjusticefoundation.com\\\/#\\\/schema\\\/logo\\\/image\\\/\"}},{\"@type\":\"Person\",\"@id\":\"https:\\\/\\\/hopeandjusticefoundation.com\\\/#\\\/schema\\\/person\\\/17005d0670728f592c0566dc86cde220\",\"name\":\"hopeandjustice\",\"url\":\"https:\\\/\\\/hopeandjusticefoundation.com\\\/pt\\\/author\\\/hugo\\\/\"}]}<\/script>\n<!-- \/ Yoast SEO plugin. -->","yoast_head_json":{"title":"Conex\u00e3o do tr\u00e1fico humano com a viol\u00eancia dom\u00e9stica - Hope &amp; Justice Foundation","robots":{"index":"index","follow":"follow","max-snippet":"max-snippet:-1","max-image-preview":"max-image-preview:large","max-video-preview":"max-video-preview:-1"},"canonical":"https:\/\/hopeandjusticefoundation.com\/pt\/conexao-do-trafico-humano-com-a-violencia-domestica\/","og_locale":"pt_BR","og_type":"article","og_title":"Conex\u00e3o do tr\u00e1fico humano com a viol\u00eancia dom\u00e9stica - Hope &amp; Justice Foundation","og_description":"O tr\u00e1fico humano \u00e9 um grande problema social que requer pol\u00edticas e respostas pr\u00e1ticas em conformidade com a realidade factual que lhe \u00e9 inerente, e o que tamb\u00e9m, se aplica \u00e0 viol\u00eancia dom\u00e9stica. Os riscos do tr\u00e1fico humano para homens, mulheres e crian\u00e7as e os consequentes efeitos psicol\u00f3gicos, emocionais e f\u00edsicos demonstram a necessidade de &hellip; Continue lendo \"Conex\u00e3o do tr\u00e1fico humano com a viol\u00eancia dom\u00e9stica\"","og_url":"https:\/\/hopeandjusticefoundation.com\/pt\/conexao-do-trafico-humano-com-a-violencia-domestica\/","og_site_name":"Hope &amp; Justice Foundation","article_published_time":"2021-02-22T15:31:44+00:00","article_modified_time":"2023-08-15T14:15:21+00:00","og_image":[{"width":600,"height":680,"url":"https:\/\/hopeandjusticefoundation.com\/wp-content\/uploads\/2022\/06\/ANA.png","type":"image\/png"}],"author":"hopeandjustice","twitter_card":"summary_large_image","twitter_misc":{"Escrito por":"hopeandjustice","Est. tempo de leitura":"5 minutos"},"schema":{"@context":"https:\/\/schema.org","@graph":[{"@type":"Article","@id":"https:\/\/hopeandjusticefoundation.com\/conexao-do-trafico-humano-com-a-violencia-domestica\/#article","isPartOf":{"@id":"https:\/\/hopeandjusticefoundation.com\/conexao-do-trafico-humano-com-a-violencia-domestica\/"},"author":{"name":"hopeandjustice","@id":"https:\/\/hopeandjusticefoundation.com\/#\/schema\/person\/17005d0670728f592c0566dc86cde220"},"headline":"Conex\u00e3o do tr\u00e1fico humano com a viol\u00eancia dom\u00e9stica","datePublished":"2021-02-22T15:31:44+00:00","dateModified":"2023-08-15T14:15:21+00:00","mainEntityOfPage":{"@id":"https:\/\/hopeandjusticefoundation.com\/conexao-do-trafico-humano-com-a-violencia-domestica\/"},"wordCount":1025,"commentCount":0,"publisher":{"@id":"https:\/\/hopeandjusticefoundation.com\/#organization"},"image":{"@id":"https:\/\/hopeandjusticefoundation.com\/conexao-do-trafico-humano-com-a-violencia-domestica\/#primaryimage"},"thumbnailUrl":"https:\/\/hopeandjusticefoundation.com\/wp-content\/uploads\/2022\/06\/ANA.png","articleSection":["Blog","Uncategorized"],"inLanguage":"pt-BR"},{"@type":"WebPage","@id":"https:\/\/hopeandjusticefoundation.com\/conexao-do-trafico-humano-com-a-violencia-domestica\/","url":"https:\/\/hopeandjusticefoundation.com\/conexao-do-trafico-humano-com-a-violencia-domestica\/","name":"Conex\u00e3o do tr\u00e1fico humano com a viol\u00eancia dom\u00e9stica - Hope &amp; Justice Foundation","isPartOf":{"@id":"https:\/\/hopeandjusticefoundation.com\/#website"},"primaryImageOfPage":{"@id":"https:\/\/hopeandjusticefoundation.com\/conexao-do-trafico-humano-com-a-violencia-domestica\/#primaryimage"},"image":{"@id":"https:\/\/hopeandjusticefoundation.com\/conexao-do-trafico-humano-com-a-violencia-domestica\/#primaryimage"},"thumbnailUrl":"https:\/\/hopeandjusticefoundation.com\/wp-content\/uploads\/2022\/06\/ANA.png","datePublished":"2021-02-22T15:31:44+00:00","dateModified":"2023-08-15T14:15:21+00:00","breadcrumb":{"@id":"https:\/\/hopeandjusticefoundation.com\/conexao-do-trafico-humano-com-a-violencia-domestica\/#breadcrumb"},"inLanguage":"pt-BR","potentialAction":[{"@type":"ReadAction","target":["https:\/\/hopeandjusticefoundation.com\/conexao-do-trafico-humano-com-a-violencia-domestica\/"]}]},{"@type":"ImageObject","inLanguage":"pt-BR","@id":"https:\/\/hopeandjusticefoundation.com\/conexao-do-trafico-humano-com-a-violencia-domestica\/#primaryimage","url":"https:\/\/hopeandjusticefoundation.com\/wp-content\/uploads\/2022\/06\/ANA.png","contentUrl":"https:\/\/hopeandjusticefoundation.com\/wp-content\/uploads\/2022\/06\/ANA.png","width":600,"height":680},{"@type":"BreadcrumbList","@id":"https:\/\/hopeandjusticefoundation.com\/conexao-do-trafico-humano-com-a-violencia-domestica\/#breadcrumb","itemListElement":[{"@type":"ListItem","position":1,"name":"In\u00edcio","item":"https:\/\/hopeandjusticefoundation.com\/"},{"@type":"ListItem","position":2,"name":"Conex\u00e3o do tr\u00e1fico humano com a viol\u00eancia dom\u00e9stica"}]},{"@type":"WebSite","@id":"https:\/\/hopeandjusticefoundation.com\/#website","url":"https:\/\/hopeandjusticefoundation.com\/","name":"Hope &amp; Justice Foundation","description":"Combate ao tr\u00e1fico humano - hope &amp; justice","publisher":{"@id":"https:\/\/hopeandjusticefoundation.com\/#organization"},"potentialAction":[{"@type":"SearchAction","target":{"@type":"EntryPoint","urlTemplate":"https:\/\/hopeandjusticefoundation.com\/?s={search_term_string}"},"query-input":{"@type":"PropertyValueSpecification","valueRequired":true,"valueName":"search_term_string"}}],"inLanguage":"pt-BR"},{"@type":"Organization","@id":"https:\/\/hopeandjusticefoundation.com\/#organization","name":"Hope &amp; Justice Foundation","url":"https:\/\/hopeandjusticefoundation.com\/","logo":{"@type":"ImageObject","inLanguage":"pt-BR","@id":"https:\/\/hopeandjusticefoundation.com\/#\/schema\/logo\/image\/","url":"https:\/\/hopeandjusticefoundation.com\/wp-content\/uploads\/2022\/03\/logo-hope-justice-new.png","contentUrl":"https:\/\/hopeandjusticefoundation.com\/wp-content\/uploads\/2022\/03\/logo-hope-justice-new.png","width":500,"height":500,"caption":"Hope &amp; Justice Foundation"},"image":{"@id":"https:\/\/hopeandjusticefoundation.com\/#\/schema\/logo\/image\/"}},{"@type":"Person","@id":"https:\/\/hopeandjusticefoundation.com\/#\/schema\/person\/17005d0670728f592c0566dc86cde220","name":"hopeandjustice","url":"https:\/\/hopeandjusticefoundation.com\/pt\/author\/hugo\/"}]}},"_links":{"self":[{"href":"https:\/\/hopeandjusticefoundation.com\/pt\/wp-json\/wp\/v2\/posts\/1458","targetHints":{"allow":["GET"]}}],"collection":[{"href":"https:\/\/hopeandjusticefoundation.com\/pt\/wp-json\/wp\/v2\/posts"}],"about":[{"href":"https:\/\/hopeandjusticefoundation.com\/pt\/wp-json\/wp\/v2\/types\/post"}],"author":[{"embeddable":true,"href":"https:\/\/hopeandjusticefoundation.com\/pt\/wp-json\/wp\/v2\/users\/1"}],"replies":[{"embeddable":true,"href":"https:\/\/hopeandjusticefoundation.com\/pt\/wp-json\/wp\/v2\/comments?post=1458"}],"version-history":[{"count":1,"href":"https:\/\/hopeandjusticefoundation.com\/pt\/wp-json\/wp\/v2\/posts\/1458\/revisions"}],"predecessor-version":[{"id":3163,"href":"https:\/\/hopeandjusticefoundation.com\/pt\/wp-json\/wp\/v2\/posts\/1458\/revisions\/3163"}],"wp:featuredmedia":[{"embeddable":true,"href":"https:\/\/hopeandjusticefoundation.com\/pt\/wp-json\/wp\/v2\/media\/1456"}],"wp:attachment":[{"href":"https:\/\/hopeandjusticefoundation.com\/pt\/wp-json\/wp\/v2\/media?parent=1458"}],"wp:term":[{"taxonomy":"category","embeddable":true,"href":"https:\/\/hopeandjusticefoundation.com\/pt\/wp-json\/wp\/v2\/categories?post=1458"},{"taxonomy":"post_tag","embeddable":true,"href":"https:\/\/hopeandjusticefoundation.com\/pt\/wp-json\/wp\/v2\/tags?post=1458"}],"curies":[{"name":"wp","href":"https:\/\/api.w.org\/{rel}","templated":true}]}}