{"id":1204,"date":"2022-05-12T13:10:42","date_gmt":"2022-05-12T16:10:42","guid":{"rendered":"https:\/\/hopeandjusticefoundation.com\/?p=1204"},"modified":"2023-08-15T11:15:15","modified_gmt":"2023-08-15T14:15:15","slug":"founder-of-hope-justice-foundation-in-the-usa-the-activist-anna-alves-lazaro-will-be-in-salvador-from-may-12-to-15-2","status":"publish","type":"post","link":"https:\/\/hopeandjusticefoundation.com\/pt\/founder-of-hope-justice-foundation-in-the-usa-the-activist-anna-alves-lazaro-will-be-in-salvador-from-may-12-to-15-2\/","title":{"rendered":"Fundadora da Hope &amp; Justice Foundation nos EUA, a ativista Anna Alves-Lazaro estar\u00e1 em Salvador de 12 a 15 de maio."},"content":{"rendered":"<p>Mulher brasileira \u00e9 uma das maiores refer\u00eancias mundiais no combate ao tr\u00e1fico de pessoas, viol\u00eancia dom\u00e9stica e abuso e explora\u00e7\u00e3o sexual infantil.<\/p>\n<p>Em 2020, a advogada, profissional de rela\u00e7\u00f5es p\u00fablicas, palestrante e escritora internacional, Anna Alves-Lazaro, criou a Hope &amp; Justice Foundation em Orlando (Fl\u00f3rida, EUA), com o objetivo de alertar, prevenir e combater o tr\u00e1fico de pessoas, viol\u00eancia dom\u00e9stica, abuso e abuso sexual explora\u00e7\u00e3o de homens, mulheres e crian\u00e7as por meio de a\u00e7\u00f5es baseadas na preven\u00e7\u00e3o, prote\u00e7\u00e3o, pesquisa e repress\u00e3o.<\/p>\n<p>Uma das refer\u00eancias mundiais no assunto, a ativista estar\u00e1 em Salvador de 12 a 15 de maio para participar do XXIV Congresso Brasileiro de Magistrados, ao lado da diretora da funda\u00e7\u00e3o, Luciana Zppulla. A Funda\u00e7\u00e3o Esperan\u00e7a &amp; Justi\u00e7a \u00e9 parceira oficial da Associa\u00e7\u00e3o dos Magistrados Brasileiros (AMB) na Campanha Sinal Vermelho contra a viol\u00eancia dom\u00e9stica em que Anna far\u00e1 uma palestra sobre tr\u00e1fico de pessoas e viol\u00eancia dom\u00e9stica em Bras\u00edlia, no dia 16, no audit\u00f3rio do Legislativo C\u00e2mara do Distrito Federal.<\/p>\n<p>Como fundadora e presidente da Hope &amp; Justice Foundation, atua na luta pelos direitos das v\u00edtimas e sobreviventes de tr\u00e1fico de pessoas, viol\u00eancia dom\u00e9stica e abuso e explora\u00e7\u00e3o sexual infantil, dirigindo diversos programas e projetos que oferecem apoio emocional, psicol\u00f3gico, m\u00e9dico e jur\u00eddico por meio de uma equipe multidisciplinar que trabalha ajudando v\u00edtimas e sobreviventes economicamente vulner\u00e1veis.<\/p>\n<p>Mini bio<\/p>\n<p>Coordenador do Centro de Estudos e Pesquisas Jur\u00eddicas da Hope &amp; Justice Foundation, Membro da Central Florida Human Trafficking Task Force, Diretor da Central Florida Brazilian American Chamber of Commerce e Not\u00e1rio P\u00fablico Certificado pelo Estado da Fl\u00f3rida\/EUA. Colaborou mensalmente com o renomado jornal Brasileiras &amp; Brasileiros por 2 anos, escrevendo sobre preven\u00e7\u00e3o e combate ao tr\u00e1fico de pessoas.<\/p>\n<p>Nos EUA, ganhou o pr\u00eamio Focus Brazil Awards Orlando 2020; o Pr\u00eamio Melhores do Brasil nos EUA 2021 pela High Profile Magazine na categoria do pr\u00eamio \u201cLu\u00edza Brunet\u201d de Enfrentamento \u00e0 Viol\u00eancia contra a Mulher que aconteceu em Londres e com sua hist\u00f3ria como imigrante no Melhor Livro do Brasil nos EUA; o Pr\u00eamio Mulheres que Empoderam, concedido pelo Movimento Empodera 2022, no qual parte de sua trajet\u00f3ria foi contada e imortalizada no Livro Mulheres que Empoderam. Recebeu o Pr\u00eamio Internacional de Lideran\u00e7a e Coragem Feminina 2022 concedido pelo Grupo M\u00eddia Am\u00e9rica. Recentemente, foi indicada ao Pr\u00eamio Brasileiro de Not\u00e1veis \u200b\u200b2022 e homenageada pelo Voto de Congratula\u00e7\u00f5es da Prefeitura de Piracicaba, S\u00e3o Paulo, a pedido do Vereador Paulo Henrique Paranhos Ribeiro.<\/p>\n<p>Fonte: https:\/\/salvadornoticia.com\/2022\/05\/11\/fundadora-da-hope-justice-foundation-no-eua-ativista-anna-alves-lazaro-estara-em-salvador-de-12-a-15-de-maio\/<\/p>","protected":false},"excerpt":{"rendered":"<p>The Brazilian woman is one of the world&#8217;s greatest references in the fight against human trafficking, domestic violence and child sexual abuse and exploitation. In 2020, lawyer, public relations professional, international speaker and writer, Anna Alves-Lazaro, created Hope &amp; Justice Foundation in Orlando (Florida, USA), in order to alert, prevent and fight against human trafficking, &hellip; <\/p>\n<p class=\"link-more\"><a href=\"https:\/\/hopeandjusticefoundation.com\/pt\/founder-of-hope-justice-foundation-in-the-usa-the-activist-anna-alves-lazaro-will-be-in-salvador-from-may-12-to-15-2\/\" class=\"more-link\">Continue lendo<span class=\"screen-reader-text\"> &#8220;Founder of Hope &#038; Justice Foundation in the USA, the activist Anna Alves-Lazaro will be in Salvador from May 12 to 15.&#8221;<\/span><\/a><\/p>","protected":false},"author":1,"featured_media":1205,"comment_status":"open","ping_status":"open","sticky":false,"template":"","format":"standard","meta":{"footnotes":""},"categories":[9,1],"tags":[],"class_list":["post-1204","post","type-post","status-publish","format-standard","has-post-thumbnail","hentry","category-blog","category-uncategorized"],"aioseo_notices":[],"yoast_head":"<!-- This site is optimized with the Yoast SEO plugin v26.5 - https:\/\/yoast.com\/wordpress\/plugins\/seo\/ -->\n<title>Founder of Hope &amp; Justice Foundation in the USA, the activist Anna Alves-Lazaro will be in Salvador from May 12 to 15. - Hope &amp; Justice Foundation<\/title>\n<meta name=\"robots\" content=\"index, follow, max-snippet:-1, max-image-preview:large, max-video-preview:-1\" \/>\n<link rel=\"canonical\" href=\"https:\/\/hopeandjusticefoundation.com\/pt\/founder-of-hope-justice-foundation-in-the-usa-the-activist-anna-alves-lazaro-will-be-in-salvador-from-may-12-to-15-2\/\" \/>\n<meta property=\"og:locale\" content=\"pt_BR\" \/>\n<meta property=\"og:type\" content=\"article\" \/>\n<meta property=\"og:title\" content=\"Founder of Hope &amp; Justice Foundation in the USA, the activist Anna Alves-Lazaro will be in Salvador from May 12 to 15. - Hope &amp; Justice Foundation\" \/>\n<meta property=\"og:description\" content=\"The Brazilian woman is one of the world&#8217;s greatest references in the fight against human trafficking, domestic violence and child sexual abuse and exploitation. In 2020, lawyer, public relations professional, international speaker and writer, Anna Alves-Lazaro, created Hope &amp; Justice Foundation in Orlando (Florida, USA), in order to alert, prevent and fight against human trafficking, &hellip; Continue lendo &quot;Founder of Hope &#038; Justice Foundation in the USA, the activist Anna Alves-Lazaro will be in Salvador from May 12 to 15.&quot;\" \/>\n<meta property=\"og:url\" content=\"https:\/\/hopeandjusticefoundation.com\/pt\/founder-of-hope-justice-foundation-in-the-usa-the-activist-anna-alves-lazaro-will-be-in-salvador-from-may-12-to-15-2\/\" \/>\n<meta property=\"og:site_name\" content=\"Hope &amp; Justice Foundation\" \/>\n<meta property=\"article:published_time\" content=\"2022-05-12T16:10:42+00:00\" \/>\n<meta property=\"article:modified_time\" content=\"2023-08-15T14:15:15+00:00\" \/>\n<meta property=\"og:image\" content=\"https:\/\/hopeandjusticefoundation.com\/wp-content\/uploads\/2022\/05\/Anna-Alves-Lazaro-e1652301028120.jpg.webp\" \/>\n\t<meta property=\"og:image:width\" content=\"559\" \/>\n\t<meta property=\"og:image:height\" content=\"409\" \/>\n\t<meta property=\"og:image:type\" content=\"image\/webp\" \/>\n<meta name=\"author\" content=\"hopeandjustice\" \/>\n<meta name=\"twitter:card\" content=\"summary_large_image\" \/>\n<meta name=\"twitter:label1\" content=\"Escrito por\" \/>\n\t<meta name=\"twitter:data1\" content=\"hopeandjustice\" \/>\n\t<meta name=\"twitter:label2\" content=\"Est. tempo de leitura\" \/>\n\t<meta name=\"twitter:data2\" content=\"3 minutos\" \/>\n<script type=\"application\/ld+json\" class=\"yoast-schema-graph\">{\"@context\":\"https:\/\/schema.org\",\"@graph\":[{\"@type\":\"Article\",\"@id\":\"https:\/\/hopeandjusticefoundation.com\/founder-of-hope-justice-foundation-in-the-usa-the-activist-anna-alves-lazaro-will-be-in-salvador-from-may-12-to-15-2\/#article\",\"isPartOf\":{\"@id\":\"https:\/\/hopeandjusticefoundation.com\/founder-of-hope-justice-foundation-in-the-usa-the-activist-anna-alves-lazaro-will-be-in-salvador-from-may-12-to-15-2\/\"},\"author\":{\"name\":\"hopeandjustice\",\"@id\":\"https:\/\/hopeandjusticefoundation.com\/#\/schema\/person\/ee0bc6da8ca8e63d3ff62cb901f8611d\"},\"headline\":\"Founder of Hope &#038; Justice Foundation in the USA, the activist Anna Alves-Lazaro will be in Salvador from May 12 to 15.\",\"datePublished\":\"2022-05-12T16:10:42+00:00\",\"dateModified\":\"2023-08-15T14:15:15+00:00\",\"mainEntityOfPage\":{\"@id\":\"https:\/\/hopeandjusticefoundation.com\/founder-of-hope-justice-foundation-in-the-usa-the-activist-anna-alves-lazaro-will-be-in-salvador-from-may-12-to-15-2\/\"},\"wordCount\":444,\"commentCount\":0,\"publisher\":{\"@id\":\"https:\/\/hopeandjusticefoundation.com\/#organization\"},\"image\":{\"@id\":\"https:\/\/hopeandjusticefoundation.com\/founder-of-hope-justice-foundation-in-the-usa-the-activist-anna-alves-lazaro-will-be-in-salvador-from-may-12-to-15-2\/#primaryimage\"},\"thumbnailUrl\":\"https:\/\/hopeandjusticefoundation.com\/wp-content\/uploads\/2022\/05\/Anna-Alves-Lazaro-e1652301028120.jpg.webp\",\"articleSection\":[\"Blog\",\"Uncategorized\"],\"inLanguage\":\"pt-BR\"},{\"@type\":\"WebPage\",\"@id\":\"https:\/\/hopeandjusticefoundation.com\/founder-of-hope-justice-foundation-in-the-usa-the-activist-anna-alves-lazaro-will-be-in-salvador-from-may-12-to-15-2\/\",\"url\":\"https:\/\/hopeandjusticefoundation.com\/founder-of-hope-justice-foundation-in-the-usa-the-activist-anna-alves-lazaro-will-be-in-salvador-from-may-12-to-15-2\/\",\"name\":\"Founder of Hope & Justice Foundation in the USA, the activist Anna Alves-Lazaro will be in Salvador from May 12 to 15. - Hope &amp; Justice Foundation\",\"isPartOf\":{\"@id\":\"https:\/\/hopeandjusticefoundation.com\/#website\"},\"primaryImageOfPage\":{\"@id\":\"https:\/\/hopeandjusticefoundation.com\/founder-of-hope-justice-foundation-in-the-usa-the-activist-anna-alves-lazaro-will-be-in-salvador-from-may-12-to-15-2\/#primaryimage\"},\"image\":{\"@id\":\"https:\/\/hopeandjusticefoundation.com\/founder-of-hope-justice-foundation-in-the-usa-the-activist-anna-alves-lazaro-will-be-in-salvador-from-may-12-to-15-2\/#primaryimage\"},\"thumbnailUrl\":\"https:\/\/hopeandjusticefoundation.com\/wp-content\/uploads\/2022\/05\/Anna-Alves-Lazaro-e1652301028120.jpg.webp\",\"datePublished\":\"2022-05-12T16:10:42+00:00\",\"dateModified\":\"2023-08-15T14:15:15+00:00\",\"breadcrumb\":{\"@id\":\"https:\/\/hopeandjusticefoundation.com\/founder-of-hope-justice-foundation-in-the-usa-the-activist-anna-alves-lazaro-will-be-in-salvador-from-may-12-to-15-2\/#breadcrumb\"},\"inLanguage\":\"pt-BR\",\"potentialAction\":[{\"@type\":\"ReadAction\",\"target\":[\"https:\/\/hopeandjusticefoundation.com\/founder-of-hope-justice-foundation-in-the-usa-the-activist-anna-alves-lazaro-will-be-in-salvador-from-may-12-to-15-2\/\"]}]},{\"@type\":\"ImageObject\",\"inLanguage\":\"pt-BR\",\"@id\":\"https:\/\/hopeandjusticefoundation.com\/founder-of-hope-justice-foundation-in-the-usa-the-activist-anna-alves-lazaro-will-be-in-salvador-from-may-12-to-15-2\/#primaryimage\",\"url\":\"https:\/\/hopeandjusticefoundation.com\/wp-content\/uploads\/2022\/05\/Anna-Alves-Lazaro-e1652301028120.jpg.webp\",\"contentUrl\":\"https:\/\/hopeandjusticefoundation.com\/wp-content\/uploads\/2022\/05\/Anna-Alves-Lazaro-e1652301028120.jpg.webp\",\"width\":559,\"height\":409},{\"@type\":\"BreadcrumbList\",\"@id\":\"https:\/\/hopeandjusticefoundation.com\/founder-of-hope-justice-foundation-in-the-usa-the-activist-anna-alves-lazaro-will-be-in-salvador-from-may-12-to-15-2\/#breadcrumb\",\"itemListElement\":[{\"@type\":\"ListItem\",\"position\":1,\"name\":\"In\u00edcio\",\"item\":\"https:\/\/hopeandjusticefoundation.com\/\"},{\"@type\":\"ListItem\",\"position\":2,\"name\":\"Founder of Hope &#038; Justice Foundation in the USA, the activist Anna Alves-Lazaro will be in Salvador from May 12 to 15.\"}]},{\"@type\":\"WebSite\",\"@id\":\"https:\/\/hopeandjusticefoundation.com\/#website\",\"url\":\"https:\/\/hopeandjusticefoundation.com\/\",\"name\":\"Hope &amp; Justice Foundation\",\"description\":\"Combate ao tr\u00e1fico humano - hope &amp; justice\",\"publisher\":{\"@id\":\"https:\/\/hopeandjusticefoundation.com\/#organization\"},\"potentialAction\":[{\"@type\":\"SearchAction\",\"target\":{\"@type\":\"EntryPoint\",\"urlTemplate\":\"https:\/\/hopeandjusticefoundation.com\/?s={search_term_string}\"},\"query-input\":{\"@type\":\"PropertyValueSpecification\",\"valueRequired\":true,\"valueName\":\"search_term_string\"}}],\"inLanguage\":\"pt-BR\"},{\"@type\":\"Organization\",\"@id\":\"https:\/\/hopeandjusticefoundation.com\/#organization\",\"name\":\"Hope &amp; Justice Foundation\",\"url\":\"https:\/\/hopeandjusticefoundation.com\/\",\"logo\":{\"@type\":\"ImageObject\",\"inLanguage\":\"pt-BR\",\"@id\":\"https:\/\/hopeandjusticefoundation.com\/#\/schema\/logo\/image\/\",\"url\":\"https:\/\/hopeandjusticefoundation.com\/wp-content\/uploads\/2022\/03\/logo-hope-justice-new.png\",\"contentUrl\":\"https:\/\/hopeandjusticefoundation.com\/wp-content\/uploads\/2022\/03\/logo-hope-justice-new.png\",\"width\":500,\"height\":500,\"caption\":\"Hope &amp; Justice Foundation\"},\"image\":{\"@id\":\"https:\/\/hopeandjusticefoundation.com\/#\/schema\/logo\/image\/\"}},{\"@type\":\"Person\",\"@id\":\"https:\/\/hopeandjusticefoundation.com\/#\/schema\/person\/ee0bc6da8ca8e63d3ff62cb901f8611d\",\"name\":\"hopeandjustice\",\"url\":\"https:\/\/hopeandjusticefoundation.com\/pt\/author\/hugo\/\"}]}<\/script>\n<!-- \/ Yoast SEO plugin. -->","yoast_head_json":{"title":"Founder of Hope & Justice Foundation in the USA, the activist Anna Alves-Lazaro will be in Salvador from May 12 to 15. - Hope &amp; Justice Foundation","robots":{"index":"index","follow":"follow","max-snippet":"max-snippet:-1","max-image-preview":"max-image-preview:large","max-video-preview":"max-video-preview:-1"},"canonical":"https:\/\/hopeandjusticefoundation.com\/pt\/founder-of-hope-justice-foundation-in-the-usa-the-activist-anna-alves-lazaro-will-be-in-salvador-from-may-12-to-15-2\/","og_locale":"pt_BR","og_type":"article","og_title":"Founder of Hope & Justice Foundation in the USA, the activist Anna Alves-Lazaro will be in Salvador from May 12 to 15. - Hope &amp; Justice Foundation","og_description":"The Brazilian woman is one of the world&#8217;s greatest references in the fight against human trafficking, domestic violence and child sexual abuse and exploitation. In 2020, lawyer, public relations professional, international speaker and writer, Anna Alves-Lazaro, created Hope &amp; Justice Foundation in Orlando (Florida, USA), in order to alert, prevent and fight against human trafficking, &hellip; Continue lendo \"Founder of Hope &#038; Justice Foundation in the USA, the activist Anna Alves-Lazaro will be in Salvador from May 12 to 15.\"","og_url":"https:\/\/hopeandjusticefoundation.com\/pt\/founder-of-hope-justice-foundation-in-the-usa-the-activist-anna-alves-lazaro-will-be-in-salvador-from-may-12-to-15-2\/","og_site_name":"Hope &amp; Justice Foundation","article_published_time":"2022-05-12T16:10:42+00:00","article_modified_time":"2023-08-15T14:15:15+00:00","og_image":[{"width":559,"height":409,"url":"https:\/\/hopeandjusticefoundation.com\/wp-content\/uploads\/2022\/05\/Anna-Alves-Lazaro-e1652301028120.jpg.webp","type":"image\/webp"}],"author":"hopeandjustice","twitter_card":"summary_large_image","twitter_misc":{"Escrito por":"hopeandjustice","Est. tempo de leitura":"3 minutos"},"schema":{"@context":"https:\/\/schema.org","@graph":[{"@type":"Article","@id":"https:\/\/hopeandjusticefoundation.com\/founder-of-hope-justice-foundation-in-the-usa-the-activist-anna-alves-lazaro-will-be-in-salvador-from-may-12-to-15-2\/#article","isPartOf":{"@id":"https:\/\/hopeandjusticefoundation.com\/founder-of-hope-justice-foundation-in-the-usa-the-activist-anna-alves-lazaro-will-be-in-salvador-from-may-12-to-15-2\/"},"author":{"name":"hopeandjustice","@id":"https:\/\/hopeandjusticefoundation.com\/#\/schema\/person\/ee0bc6da8ca8e63d3ff62cb901f8611d"},"headline":"Founder of Hope &#038; Justice Foundation in the USA, the activist Anna Alves-Lazaro will be in Salvador from May 12 to 15.","datePublished":"2022-05-12T16:10:42+00:00","dateModified":"2023-08-15T14:15:15+00:00","mainEntityOfPage":{"@id":"https:\/\/hopeandjusticefoundation.com\/founder-of-hope-justice-foundation-in-the-usa-the-activist-anna-alves-lazaro-will-be-in-salvador-from-may-12-to-15-2\/"},"wordCount":444,"commentCount":0,"publisher":{"@id":"https:\/\/hopeandjusticefoundation.com\/#organization"},"image":{"@id":"https:\/\/hopeandjusticefoundation.com\/founder-of-hope-justice-foundation-in-the-usa-the-activist-anna-alves-lazaro-will-be-in-salvador-from-may-12-to-15-2\/#primaryimage"},"thumbnailUrl":"https:\/\/hopeandjusticefoundation.com\/wp-content\/uploads\/2022\/05\/Anna-Alves-Lazaro-e1652301028120.jpg.webp","articleSection":["Blog","Uncategorized"],"inLanguage":"pt-BR"},{"@type":"WebPage","@id":"https:\/\/hopeandjusticefoundation.com\/founder-of-hope-justice-foundation-in-the-usa-the-activist-anna-alves-lazaro-will-be-in-salvador-from-may-12-to-15-2\/","url":"https:\/\/hopeandjusticefoundation.com\/founder-of-hope-justice-foundation-in-the-usa-the-activist-anna-alves-lazaro-will-be-in-salvador-from-may-12-to-15-2\/","name":"Founder of Hope & Justice Foundation in the USA, the activist Anna Alves-Lazaro will be in Salvador from May 12 to 15. - Hope &amp; Justice Foundation","isPartOf":{"@id":"https:\/\/hopeandjusticefoundation.com\/#website"},"primaryImageOfPage":{"@id":"https:\/\/hopeandjusticefoundation.com\/founder-of-hope-justice-foundation-in-the-usa-the-activist-anna-alves-lazaro-will-be-in-salvador-from-may-12-to-15-2\/#primaryimage"},"image":{"@id":"https:\/\/hopeandjusticefoundation.com\/founder-of-hope-justice-foundation-in-the-usa-the-activist-anna-alves-lazaro-will-be-in-salvador-from-may-12-to-15-2\/#primaryimage"},"thumbnailUrl":"https:\/\/hopeandjusticefoundation.com\/wp-content\/uploads\/2022\/05\/Anna-Alves-Lazaro-e1652301028120.jpg.webp","datePublished":"2022-05-12T16:10:42+00:00","dateModified":"2023-08-15T14:15:15+00:00","breadcrumb":{"@id":"https:\/\/hopeandjusticefoundation.com\/founder-of-hope-justice-foundation-in-the-usa-the-activist-anna-alves-lazaro-will-be-in-salvador-from-may-12-to-15-2\/#breadcrumb"},"inLanguage":"pt-BR","potentialAction":[{"@type":"ReadAction","target":["https:\/\/hopeandjusticefoundation.com\/founder-of-hope-justice-foundation-in-the-usa-the-activist-anna-alves-lazaro-will-be-in-salvador-from-may-12-to-15-2\/"]}]},{"@type":"ImageObject","inLanguage":"pt-BR","@id":"https:\/\/hopeandjusticefoundation.com\/founder-of-hope-justice-foundation-in-the-usa-the-activist-anna-alves-lazaro-will-be-in-salvador-from-may-12-to-15-2\/#primaryimage","url":"https:\/\/hopeandjusticefoundation.com\/wp-content\/uploads\/2022\/05\/Anna-Alves-Lazaro-e1652301028120.jpg.webp","contentUrl":"https:\/\/hopeandjusticefoundation.com\/wp-content\/uploads\/2022\/05\/Anna-Alves-Lazaro-e1652301028120.jpg.webp","width":559,"height":409},{"@type":"BreadcrumbList","@id":"https:\/\/hopeandjusticefoundation.com\/founder-of-hope-justice-foundation-in-the-usa-the-activist-anna-alves-lazaro-will-be-in-salvador-from-may-12-to-15-2\/#breadcrumb","itemListElement":[{"@type":"ListItem","position":1,"name":"In\u00edcio","item":"https:\/\/hopeandjusticefoundation.com\/"},{"@type":"ListItem","position":2,"name":"Founder of Hope &#038; Justice Foundation in the USA, the activist Anna Alves-Lazaro will be in Salvador from May 12 to 15."}]},{"@type":"WebSite","@id":"https:\/\/hopeandjusticefoundation.com\/#website","url":"https:\/\/hopeandjusticefoundation.com\/","name":"Hope &amp; Justice Foundation","description":"Combate ao tr\u00e1fico humano - hope &amp; justice","publisher":{"@id":"https:\/\/hopeandjusticefoundation.com\/#organization"},"potentialAction":[{"@type":"SearchAction","target":{"@type":"EntryPoint","urlTemplate":"https:\/\/hopeandjusticefoundation.com\/?s={search_term_string}"},"query-input":{"@type":"PropertyValueSpecification","valueRequired":true,"valueName":"search_term_string"}}],"inLanguage":"pt-BR"},{"@type":"Organization","@id":"https:\/\/hopeandjusticefoundation.com\/#organization","name":"Hope &amp; Justice Foundation","url":"https:\/\/hopeandjusticefoundation.com\/","logo":{"@type":"ImageObject","inLanguage":"pt-BR","@id":"https:\/\/hopeandjusticefoundation.com\/#\/schema\/logo\/image\/","url":"https:\/\/hopeandjusticefoundation.com\/wp-content\/uploads\/2022\/03\/logo-hope-justice-new.png","contentUrl":"https:\/\/hopeandjusticefoundation.com\/wp-content\/uploads\/2022\/03\/logo-hope-justice-new.png","width":500,"height":500,"caption":"Hope &amp; Justice Foundation"},"image":{"@id":"https:\/\/hopeandjusticefoundation.com\/#\/schema\/logo\/image\/"}},{"@type":"Person","@id":"https:\/\/hopeandjusticefoundation.com\/#\/schema\/person\/ee0bc6da8ca8e63d3ff62cb901f8611d","name":"hopeandjustice","url":"https:\/\/hopeandjusticefoundation.com\/pt\/author\/hugo\/"}]}},"_links":{"self":[{"href":"https:\/\/hopeandjusticefoundation.com\/pt\/wp-json\/wp\/v2\/posts\/1204","targetHints":{"allow":["GET"]}}],"collection":[{"href":"https:\/\/hopeandjusticefoundation.com\/pt\/wp-json\/wp\/v2\/posts"}],"about":[{"href":"https:\/\/hopeandjusticefoundation.com\/pt\/wp-json\/wp\/v2\/types\/post"}],"author":[{"embeddable":true,"href":"https:\/\/hopeandjusticefoundation.com\/pt\/wp-json\/wp\/v2\/users\/1"}],"replies":[{"embeddable":true,"href":"https:\/\/hopeandjusticefoundation.com\/pt\/wp-json\/wp\/v2\/comments?post=1204"}],"version-history":[{"count":1,"href":"https:\/\/hopeandjusticefoundation.com\/pt\/wp-json\/wp\/v2\/posts\/1204\/revisions"}],"predecessor-version":[{"id":3153,"href":"https:\/\/hopeandjusticefoundation.com\/pt\/wp-json\/wp\/v2\/posts\/1204\/revisions\/3153"}],"wp:featuredmedia":[{"embeddable":true,"href":"https:\/\/hopeandjusticefoundation.com\/pt\/wp-json\/wp\/v2\/media\/1205"}],"wp:attachment":[{"href":"https:\/\/hopeandjusticefoundation.com\/pt\/wp-json\/wp\/v2\/media?parent=1204"}],"wp:term":[{"taxonomy":"category","embeddable":true,"href":"https:\/\/hopeandjusticefoundation.com\/pt\/wp-json\/wp\/v2\/categories?post=1204"},{"taxonomy":"post_tag","embeddable":true,"href":"https:\/\/hopeandjusticefoundation.com\/pt\/wp-json\/wp\/v2\/tags?post=1204"}],"curies":[{"name":"wp","href":"https:\/\/api.w.org\/{rel}","templated":true}]}}